{"id":200904,"date":"2022-04-02T21:21:27","date_gmt":"2022-04-03T03:21:27","guid":{"rendered":"http:\/\/vertienteglobal.com\/?p=200904"},"modified":"2022-04-03T12:38:39","modified_gmt":"2022-04-03T17:38:39","slug":"concientizacion-sobre-el-autismo","status":"publish","type":"post","link":"http:\/\/vertienteglobal.com\/?p=200904","title":{"rendered":"Concientizaci\u00f3n sobre el Autismo"},"content":{"rendered":"\n<div class=\"twitterbutton\" style=\"float: right; padding-left: 5px;\"><a href=\"http:\/\/twitter.com\/share\" class=\"twitter-share-button\" data-count=\"horizontal\" data-text=\"Concientizaci\u00f3n sobre el Autismo\" data-via=\"https:\/\/twitter.com\/VertienteGloba1\" data-url=\"http:\/\/vertienteglobal.com\/?p=200904\" data-lang=\"es\" data-related=\"Informaci\u00f3n general:S\u00edguenos para que est\u00e9ss informado\"><\/a><\/div>\n<figure class=\"wp-block-image size-large\"><img loading=\"lazy\" decoding=\"async\" width=\"660\" height=\"330\" src=\"http:\/\/vertienteglobal.com\/wp-content\/uploads\/2022\/04\/3-2-660x330-1.jpg\" alt=\"\" class=\"wp-image-200905\" srcset=\"http:\/\/vertienteglobal.com\/wp-content\/uploads\/2022\/04\/3-2-660x330-1.jpg 660w, http:\/\/vertienteglobal.com\/wp-content\/uploads\/2022\/04\/3-2-660x330-1-300x150.jpg 300w, http:\/\/vertienteglobal.com\/wp-content\/uploads\/2022\/04\/3-2-660x330-1-150x75.jpg 150w\" sizes=\"auto, (max-width: 660px) 100vw, 660px\" \/><\/figure>\n\n\n\n<p>(Redacci\u00f3n)<\/p>\n\n\n\n<p>Quijano Tapia, hizo \u00e9nfasis en visibilizar ante la sociedad est\u00e1 condici\u00f3n, para poner fin al rezago social, adem\u00e1s agreg\u00f3 que Progreso se ha convertido en un destino incluyente y que, gracias a ello, muchas m\u00e1s familias escogen el municipio para visitar, con espacios como la primera Playa Incluyente<\/p>\n\n\n\n<p>Progreso, Yucat\u00e1n a 02 de abril de 2022.- En el marco del D\u00eda mundial sobre la concientizaci\u00f3n del Autismo, el alcalde Juli\u00e1n Zacar\u00edas Curi, junto con la diputada Federal por la LXV legislatura, Federica Quijano Tapia, presidieron ayer una ceremonia conmemorativa, en donde se ilumin\u00f3 el palacio de color azul, color simb\u00f3lico de esta causa.<\/p>\n\n\n\n<p>Durante el acto, Quijano Tapia, hizo \u00e9nfasis en visibilizar ante la sociedad est\u00e1 condici\u00f3n, para poner fin al rezago social, adem\u00e1s agreg\u00f3 que Progreso se ha convertido en un destino incluyente y que, gracias a ello, muchas m\u00e1s familias escogen el municipio para visitar, con espacios como la primera Playa Incluyente.<\/p>\n\n\n\n<p>Cabe se\u00f1alar, que el 02 de abril se celebra este d\u00eda mundial de concienciaci\u00f3n sobre el Autismo, decretado por Las Naciones Unidas, con el objetivo de mejorar la calidad de vida tanto de la poblaci\u00f3n infantil, como los adultos que viven con este espectro.<\/p>\n\n\n\n<p>Al evento tambi\u00e9n asistieron,su hijo Sebasti\u00e1n, as\u00ed como a Celia Galv\u00e1n, Presidenta de la Asociaci\u00f3n Amemos M\u00e9rida, Roger Ben\u00edtez, Presidente Municipal de Huh\u00ed; Yamili Cupul, Presidenta Municipal de Uayma; Felipe Medina, Presidente Municipal de Tekit; Christian Carrillo, Presidente Municipal de Dzilam Gonz\u00e1lez y Samuel Mayen, Presidente Municipal de Samahil Presidente de la Asociaci\u00f3n Amemos M\u00e9rida, Roger Ben\u00edtez, Presidente Municipal de Huh\u00ed; Yamili Cupul, Presidenta Municipal de Uayma; Felipe Medina, Presidente Municipal de Tekit; Christian Carrillo, Presidente Municipal de Dzilam Gonz\u00e1lez y Samuel Mayen, Presidente Municipal de Samahil.<\/p>\n\n\n\n<p>\u201cEn Progreso de ha trabajado fuertemente para que todos y todas puedan desarrollarse en un ambiente accesible, y lo seguiremos haciendo, seguiremos avanzando fomentando una ciudad inclusiva y solidaria\u201d, extern\u00f3 el mun\u00edcipe.<\/p>\n\n\n\n<p>Finalmente, Zacar\u00edas Curi agradeci\u00f3 la visita de la Diputada, as\u00ed como de las autoridades presentes y recalc\u00f3 que seguir\u00e1 sumando esfuerzos para que Progreso siempre cuente con todo lo necesario para ser una ciudad con mejor accesibilidad para todos.<\/p>\n","protected":false},"excerpt":{"rendered":"<p>(Redacci\u00f3n) Quijano Tapia, hizo \u00e9nfasis en visibilizar ante la sociedad est\u00e1 condici\u00f3n, para poner fin al rezago social, adem\u00e1s agreg\u00f3 que Progreso se ha convertido en un destino incluyente y que, gracias a ello, muchas m\u00e1s familias escogen el municipio para visitar, con espacios como la primera Playa Incluyente Progreso, Yucat\u00e1n a 02 de abril [&hellip;]<\/p>\n","protected":false},"author":1,"featured_media":200905,"comment_status":"open","ping_status":"open","sticky":false,"template":"","format":"standard","meta":{"footnotes":""},"categories":[2],"tags":[],"class_list":["post-200904","post","type-post","status-publish","format-standard","has-post-thumbnail","hentry","category-yucatan","entry","has-media"],"jetpack_featured_media_url":"http:\/\/vertienteglobal.com\/wp-content\/uploads\/2022\/04\/3-2-660x330-1.jpg","_links":{"self":[{"href":"http:\/\/vertienteglobal.com\/index.php?rest_route=\/wp\/v2\/posts\/200904","targetHints":{"allow":["GET"]}}],"collection":[{"href":"http:\/\/vertienteglobal.com\/index.php?rest_route=\/wp\/v2\/posts"}],"about":[{"href":"http:\/\/vertienteglobal.com\/index.php?rest_route=\/wp\/v2\/types\/post"}],"author":[{"embeddable":true,"href":"http:\/\/vertienteglobal.com\/index.php?rest_route=\/wp\/v2\/users\/1"}],"replies":[{"embeddable":true,"href":"http:\/\/vertienteglobal.com\/index.php?rest_route=%2Fwp%2Fv2%2Fcomments&post=200904"}],"version-history":[{"count":0,"href":"http:\/\/vertienteglobal.com\/index.php?rest_route=\/wp\/v2\/posts\/200904\/revisions"}],"wp:featuredmedia":[{"embeddable":true,"href":"http:\/\/vertienteglobal.com\/index.php?rest_route=\/wp\/v2\/media\/200905"}],"wp:attachment":[{"href":"http:\/\/vertienteglobal.com\/index.php?rest_route=%2Fwp%2Fv2%2Fmedia&parent=200904"}],"wp:term":[{"taxonomy":"category","embeddable":true,"href":"http:\/\/vertienteglobal.com\/index.php?rest_route=%2Fwp%2Fv2%2Fcategories&post=200904"},{"taxonomy":"post_tag","embeddable":true,"href":"http:\/\/vertienteglobal.com\/index.php?rest_route=%2Fwp%2Fv2%2Ftags&post=200904"}],"curies":[{"name":"wp","href":"https:\/\/api.w.org\/{rel}","templated":true}]}}