{"id":200897,"date":"2022-04-02T13:41:09","date_gmt":"2022-04-02T19:41:09","guid":{"rendered":"http:\/\/vertienteglobal.com\/?p=200897"},"modified":"2022-04-03T07:49:21","modified_gmt":"2022-04-03T12:49:21","slug":"respalda-amlo-a-las-aagrupaciones-civiles-28-de-julio-y-vecinos-unidos-contra-empresas-ecocidas-que-estan-acabando-con-playa-del-carmen","status":"publish","type":"post","link":"http:\/\/vertienteglobal.com\/?p=200897","title":{"rendered":"Respalda AMLO a las aAgrupaciones Civiles 28 de julio y Vecinos Unidos contra empresas Ecocidas que est\u00e1n acabando con Playa del Carmen"},"content":{"rendered":"\n<div class=\"twitterbutton\" style=\"float: right; padding-left: 5px;\"><a href=\"http:\/\/twitter.com\/share\" class=\"twitter-share-button\" data-count=\"horizontal\" data-text=\"Respalda AMLO a las aAgrupaciones Civiles 28 de julio y Vecinos Unidos contra em...\" data-via=\"https:\/\/twitter.com\/VertienteGloba1\" data-url=\"http:\/\/vertienteglobal.com\/?p=200897\" data-lang=\"es\" data-related=\"Informaci\u00f3n general:S\u00edguenos para que est\u00e9ss informado\"><\/a><\/div>\n<figure class=\"wp-block-image size-large\"><img loading=\"lazy\" decoding=\"async\" width=\"1024\" height=\"567\" src=\"http:\/\/vertienteglobal.com\/wp-content\/uploads\/2022\/04\/IMG-20220403-WA0021-1024x567.jpg\" alt=\"\" class=\"wp-image-200899\" srcset=\"http:\/\/vertienteglobal.com\/wp-content\/uploads\/2022\/04\/IMG-20220403-WA0021-1024x567.jpg 1024w, http:\/\/vertienteglobal.com\/wp-content\/uploads\/2022\/04\/IMG-20220403-WA0021-300x166.jpg 300w, http:\/\/vertienteglobal.com\/wp-content\/uploads\/2022\/04\/IMG-20220403-WA0021-150x83.jpg 150w, http:\/\/vertienteglobal.com\/wp-content\/uploads\/2022\/04\/IMG-20220403-WA0021-768x426.jpg 768w, http:\/\/vertienteglobal.com\/wp-content\/uploads\/2022\/04\/IMG-20220403-WA0021.jpg 1200w\" sizes=\"auto, (max-width: 1024px) 100vw, 1024px\" \/><\/figure>\n\n\n\n<p>(Redacci\u00f3n)<\/p>\n\n\n\n<p>Las habitantes de Playa del Carmen, ya han realizado manifestaciones para denunciar la afectaci\u00f3n ambiental por el otorgamiento de permisos a Calica, cementera ABC de Eduardo Solis Preciat, desarrollos inmobiliarios y la empresa Aguakan<\/p>\n\n\n\n<p>Chetumal, Quintana Roo 02 de abril de 2022.- El presidente Andr\u00e9s Manuel L\u00f3pez Obrador, recibi\u00f3 el respaldo de agrupaciones civiles quienes est\u00e1n en favor del Tren Maya y contra empresas ecocidas.<\/p>\n\n\n\n<p>Y es que a su llegada al Aeropuerto Internacional de Chetumal, ya lo esperaban diversas asociaciones y agrupaciones civiles, la 28 de julio, Vecinos Unidos su presidente Marcos Antonio L\u00f3pez D\u00edaz, as\u00ed como el secretario general Eliezer Antonio Ordo\u00f1ez, quienes le expresaron su respaldo contra esas empresas ecocidas que est\u00e1n acabando con el Medio Ambiente.<\/p>\n\n\n\n<p>Entrevistados, los representantes de las organizaciones civiles, se\u00f1alaron que los habitantes de Playa del Carmen, ya han realizado manifestaciones para denunciar la afectaci\u00f3n ambiental por el otorgamiento de permisos a Calica, cementera ABC de Eduardo Solis Preciat, desarrollos inmobiliarios y la empresa Aguakan.<\/p>\n\n\n\n<p>El presidente de la Asociaci\u00f3n Civil de Vecinos Unidos y reprentante del grupo 28 de julio, Marcos Antonio L\u00f3pez D\u00edaz, sostuvo que los que se dicen ambientalistas ahora, nunca denunciaron la afectaci\u00f3n ecol\u00f3gica y al medio ambiente de grandes depredadores ambientales.<\/p>\n\n\n\n<p>A su paso en la unidad que transportaba al presidente, Lopez Diaz, expreso: \u00abSe\u00f1or Presidente, se\u00f1or presidente, Eduardo Solis Preciat,, es uno de los depredadores que est\u00e1n en contra del Tren Maya, si al Tren Maya, hay que acabar con esas constructoras\u00bb.<\/p>\n\n\n\n<p>El presidente de la Asociaci\u00f3n Civil de Vecinos Unidos AC, afirm\u00f3 presidente: \u00abD\u00f3nde est\u00e1n los fariseos pseudoecologistas ante tanta destrucci\u00f3n\u00bb.<\/p>\n\n\n\n<p>La respuesta del Presidente Andr\u00e9s Manuel L\u00f3pez Obrador, fue contundente: \u00abResplado total para los habitantes de Quintana Roo y la ruta del Tren Maya\u00bb, no est\u00e1n solos\u00bb.<\/p>\n\n\n\n<p>Con un fuerte saludo de mano y se\u00f1alando con su dedo \u00edndice la manta, se lee: \u00abDonde est\u00e1n los Fariseos, los PseudoEcologustas ante tanta destrucci\u00f3n\u00bb, con fotograf\u00edas en la manta de la devastaci\u00f3n de Calica, la destrucci\u00f3n de la cementera ABC, as\u00ed como las desarrolladoras Inmobiliarias y las aguas negras que Aguakan tira a los cenotes y terminan en el mar de Playa del Carmen\u00bb, un si del presidente, para sacar esas empresas econcidas, se sello con un pacto de mano fuertemente por parte del presiente de M\u00e9xico y la Asociaci\u00f3n Civil de Vecinos Unidos AC, adem\u00e1s de la Agrupaci\u00f3n 28 de julio.<\/p>\n\n\n\n<figure class=\"wp-block-image size-large\"><img loading=\"lazy\" decoding=\"async\" width=\"720\" height=\"540\" src=\"http:\/\/vertienteglobal.com\/wp-content\/uploads\/2022\/04\/FB_IMG_1648990089611.jpg\" alt=\"\" class=\"wp-image-200901\" srcset=\"http:\/\/vertienteglobal.com\/wp-content\/uploads\/2022\/04\/FB_IMG_1648990089611.jpg 720w, http:\/\/vertienteglobal.com\/wp-content\/uploads\/2022\/04\/FB_IMG_1648990089611-300x225.jpg 300w, http:\/\/vertienteglobal.com\/wp-content\/uploads\/2022\/04\/FB_IMG_1648990089611-150x113.jpg 150w\" sizes=\"auto, (max-width: 720px) 100vw, 720px\" \/><\/figure>\n","protected":false},"excerpt":{"rendered":"<p>(Redacci\u00f3n) Las habitantes de Playa del Carmen, ya han realizado manifestaciones para denunciar la afectaci\u00f3n ambiental por el otorgamiento de permisos a Calica, cementera ABC de Eduardo Solis Preciat, desarrollos inmobiliarios y la empresa Aguakan Chetumal, Quintana Roo 02 de abril de 2022.- El presidente Andr\u00e9s Manuel L\u00f3pez Obrador, recibi\u00f3 el respaldo de agrupaciones civiles [&hellip;]<\/p>\n","protected":false},"author":1,"featured_media":200899,"comment_status":"open","ping_status":"open","sticky":false,"template":"","format":"standard","meta":{"footnotes":""},"categories":[3],"tags":[],"class_list":["post-200897","post","type-post","status-publish","format-standard","has-post-thumbnail","hentry","category-quintana-roo","entry","has-media"],"jetpack_featured_media_url":"http:\/\/vertienteglobal.com\/wp-content\/uploads\/2022\/04\/IMG-20220403-WA0021.jpg","_links":{"self":[{"href":"http:\/\/vertienteglobal.com\/index.php?rest_route=\/wp\/v2\/posts\/200897","targetHints":{"allow":["GET"]}}],"collection":[{"href":"http:\/\/vertienteglobal.com\/index.php?rest_route=\/wp\/v2\/posts"}],"about":[{"href":"http:\/\/vertienteglobal.com\/index.php?rest_route=\/wp\/v2\/types\/post"}],"author":[{"embeddable":true,"href":"http:\/\/vertienteglobal.com\/index.php?rest_route=\/wp\/v2\/users\/1"}],"replies":[{"embeddable":true,"href":"http:\/\/vertienteglobal.com\/index.php?rest_route=%2Fwp%2Fv2%2Fcomments&post=200897"}],"version-history":[{"count":0,"href":"http:\/\/vertienteglobal.com\/index.php?rest_route=\/wp\/v2\/posts\/200897\/revisions"}],"wp:featuredmedia":[{"embeddable":true,"href":"http:\/\/vertienteglobal.com\/index.php?rest_route=\/wp\/v2\/media\/200899"}],"wp:attachment":[{"href":"http:\/\/vertienteglobal.com\/index.php?rest_route=%2Fwp%2Fv2%2Fmedia&parent=200897"}],"wp:term":[{"taxonomy":"category","embeddable":true,"href":"http:\/\/vertienteglobal.com\/index.php?rest_route=%2Fwp%2Fv2%2Fcategories&post=200897"},{"taxonomy":"post_tag","embeddable":true,"href":"http:\/\/vertienteglobal.com\/index.php?rest_route=%2Fwp%2Fv2%2Ftags&post=200897"}],"curies":[{"name":"wp","href":"https:\/\/api.w.org\/{rel}","templated":true}]}}