{"id":200672,"date":"2022-03-28T21:24:27","date_gmt":"2022-03-29T03:24:27","guid":{"rendered":"http:\/\/vertienteglobal.com\/?p=200672"},"modified":"2022-03-29T06:40:08","modified_gmt":"2022-03-29T12:40:08","slug":"ieqroo-aprobo-los-registros-y-entrega-de-constancias-de-las-y-los-candidatos-a-la-gubernatura-de-quintana-roo","status":"publish","type":"post","link":"http:\/\/vertienteglobal.com\/?p=200672","title":{"rendered":"IEQROO aprob\u00f3 los registros y entrega de constancias de las y los candidatos a la gubernatura de Quintana Roo"},"content":{"rendered":"\n<div class=\"twitterbutton\" style=\"float: right; padding-left: 5px;\"><a href=\"http:\/\/twitter.com\/share\" class=\"twitter-share-button\" data-count=\"horizontal\" data-text=\"IEQROO aprob\u00f3 los registros y entrega de constancias de las y los candidatos a ...\" data-via=\"https:\/\/twitter.com\/VertienteGloba1\" data-url=\"http:\/\/vertienteglobal.com\/?p=200672\" data-lang=\"es\" data-related=\"Informaci\u00f3n general:S\u00edguenos para que est\u00e9ss informado\"><\/a><\/div>\n<figure class=\"wp-block-image size-large\"><img loading=\"lazy\" decoding=\"async\" width=\"720\" height=\"480\" src=\"http:\/\/vertienteglobal.com\/wp-content\/uploads\/2022\/03\/FB_IMG_1648533590327-1.jpg\" alt=\"\" class=\"wp-image-200673\" srcset=\"http:\/\/vertienteglobal.com\/wp-content\/uploads\/2022\/03\/FB_IMG_1648533590327-1.jpg 720w, http:\/\/vertienteglobal.com\/wp-content\/uploads\/2022\/03\/FB_IMG_1648533590327-1-300x200.jpg 300w, http:\/\/vertienteglobal.com\/wp-content\/uploads\/2022\/03\/FB_IMG_1648533590327-1-150x100.jpg 150w\" sizes=\"auto, (max-width: 720px) 100vw, 720px\" \/><\/figure>\n\n\n\n<p>(Redacci\u00f3n)<\/p>\n\n\n\n<p>Tres mujeres y dos hombres buscar\u00e1n dicho cargo el pr\u00f3ximo domingo 5 de junio, y de acuerdo con el Calendario Integral, la campa\u00f1a electoral para gobernador iniciar\u00e1 el d\u00eda 3 de abril y concluir\u00e1 el pr\u00f3ximo martes 1 de junio<\/p>\n\n\n\n<p>Chetumal, Quintana Roo a 28 de marzo 2022.-Integrantes del Consejo General del Instituto Electoral de Quintana Roo (IEQROO), en Sesi\u00f3n Extraordinaria aprobaron los registros y entrega de constancias de las y los ciudadanos Josu\u00e9 Nivardo Mena Villanueva (MAS); Laura Lynn Fern\u00e1ndez Pi\u00f1a de la Coalici\u00f3n \u201cVa por Quintana Roo\u201d; Leslie Angelina Hendricks Rubio (PRI); Mar\u00eda Elena Hermelinda Lezama Espinosa de la Coalici\u00f3n \u201cJuntos Hacemos Historia en Quintana Roo\u201d; y Jos\u00e9 Luis Pech V\u00e1rguez (MC) para contender a la gubernatura en la jornada electoral a celebrarse el 5 de junio en el Proceso Electoral Local 2021-2022.<\/p>\n\n\n\n<p>El Consejo General determin\u00f3 que las y los ciudadanos en menci\u00f3n postulados por Movimiento Aut\u00e9ntico Social (MAS); la Coalici\u00f3n \u201cVa por Quintana Roo\u201d (PAN, PRD y Confianza por Quintana Roo); Partido Revolucionario Institucional (PRI); la Coalici\u00f3n \u201cJuntos Hacemos Historia en Quintana Roo\u201d (PT, PVEM, MORENA y Fuerza por M\u00e9xico Quintana Roo) y Movimiento Ciudadano (MC), cumplieron con los requisitos de elegibilidad.<\/p>\n\n\n\n<p>Tres mujeres y dos hombres buscar\u00e1n la gubernatura el pr\u00f3ximo domingo 5 de junio, y de acuerdo con el Calendario Integral, la campa\u00f1a electoral para gobernador iniciar\u00e1 el d\u00eda 3 de abril y concluir\u00e1 el pr\u00f3ximo martes 1 de junio.<\/p>\n\n\n\n<p>La ciudadana Leslie Angelina Hendricks Rubio fue la primera en recibir su constancia; posteriormente, representantes de la ciudadana Laura Lynn Fern\u00e1ndez Pi\u00f1a, recibieron su constancia; le sigui\u00f3 el ciudadano Josu\u00e9 Nivardo Mena Villanueva; luego fue el turno del ciudadano Jos\u00e9 Luis Pech V\u00e1rguez, y finalmente la ciudadana Mar\u00eda Elena Hermelinda Lezama, recibi\u00f3 su constancia de registro como candidata para contender a la gubernatura, acto realizado en la Sala de Sesiones del Instituto Electoral de Quintana Roo.<\/p>\n\n\n\n<p>En ese sentido, la Consejera Presidenta del IEQROO, notificar\u00e1 v\u00eda correo electr\u00f3nico, a los titulares de la Unidad T\u00e9cnica de Fiscalizaci\u00f3n y de la Direcci\u00f3n Ejecutiva de Prerrogativas y Partidos Pol\u00edticos, a trav\u00e9s de la Unidad T\u00e9cnica de Vinculaci\u00f3n con los Organismos P\u00fablicos Locales, todas del Instituto Nacional Electoral (INE), para los efectos conducentes.<\/p>\n\n\n\n<figure class=\"wp-block-image size-large\"><img loading=\"lazy\" decoding=\"async\" width=\"1024\" height=\"683\" src=\"http:\/\/vertienteglobal.com\/wp-content\/uploads\/2022\/03\/IMG-20220328-WA0110-1024x683.jpg\" alt=\"\" class=\"wp-image-200674\" srcset=\"http:\/\/vertienteglobal.com\/wp-content\/uploads\/2022\/03\/IMG-20220328-WA0110-1024x683.jpg 1024w, http:\/\/vertienteglobal.com\/wp-content\/uploads\/2022\/03\/IMG-20220328-WA0110-300x200.jpg 300w, http:\/\/vertienteglobal.com\/wp-content\/uploads\/2022\/03\/IMG-20220328-WA0110-150x100.jpg 150w, http:\/\/vertienteglobal.com\/wp-content\/uploads\/2022\/03\/IMG-20220328-WA0110-768x512.jpg 768w, http:\/\/vertienteglobal.com\/wp-content\/uploads\/2022\/03\/IMG-20220328-WA0110.jpg 1280w\" sizes=\"auto, (max-width: 1024px) 100vw, 1024px\" \/><\/figure>\n\n\n\n<figure class=\"wp-block-image size-large\"><img loading=\"lazy\" decoding=\"async\" width=\"1024\" height=\"757\" src=\"http:\/\/vertienteglobal.com\/wp-content\/uploads\/2022\/03\/IMG-20220328-WA0109-1024x757.jpg\" alt=\"\" class=\"wp-image-200675\" srcset=\"http:\/\/vertienteglobal.com\/wp-content\/uploads\/2022\/03\/IMG-20220328-WA0109-1024x757.jpg 1024w, http:\/\/vertienteglobal.com\/wp-content\/uploads\/2022\/03\/IMG-20220328-WA0109-300x222.jpg 300w, http:\/\/vertienteglobal.com\/wp-content\/uploads\/2022\/03\/IMG-20220328-WA0109-150x111.jpg 150w, http:\/\/vertienteglobal.com\/wp-content\/uploads\/2022\/03\/IMG-20220328-WA0109-768x568.jpg 768w, http:\/\/vertienteglobal.com\/wp-content\/uploads\/2022\/03\/IMG-20220328-WA0109.jpg 1280w\" sizes=\"auto, (max-width: 1024px) 100vw, 1024px\" \/><\/figure>\n\n\n\n<figure class=\"wp-block-image size-large\"><img loading=\"lazy\" decoding=\"async\" width=\"1024\" height=\"683\" src=\"http:\/\/vertienteglobal.com\/wp-content\/uploads\/2022\/03\/IMG-20220328-WA0107-1024x683.jpg\" alt=\"\" class=\"wp-image-200676\" srcset=\"http:\/\/vertienteglobal.com\/wp-content\/uploads\/2022\/03\/IMG-20220328-WA0107-1024x683.jpg 1024w, http:\/\/vertienteglobal.com\/wp-content\/uploads\/2022\/03\/IMG-20220328-WA0107-300x200.jpg 300w, http:\/\/vertienteglobal.com\/wp-content\/uploads\/2022\/03\/IMG-20220328-WA0107-150x100.jpg 150w, http:\/\/vertienteglobal.com\/wp-content\/uploads\/2022\/03\/IMG-20220328-WA0107-768x512.jpg 768w, http:\/\/vertienteglobal.com\/wp-content\/uploads\/2022\/03\/IMG-20220328-WA0107.jpg 1280w\" sizes=\"auto, (max-width: 1024px) 100vw, 1024px\" \/><\/figure>\n\n\n\n<figure class=\"wp-block-image size-large\"><img loading=\"lazy\" decoding=\"async\" width=\"1024\" height=\"683\" src=\"http:\/\/vertienteglobal.com\/wp-content\/uploads\/2022\/03\/IMG-20220328-WA0110-1-1024x683.jpg\" alt=\"\" class=\"wp-image-200677\" srcset=\"http:\/\/vertienteglobal.com\/wp-content\/uploads\/2022\/03\/IMG-20220328-WA0110-1-1024x683.jpg 1024w, http:\/\/vertienteglobal.com\/wp-content\/uploads\/2022\/03\/IMG-20220328-WA0110-1-300x200.jpg 300w, http:\/\/vertienteglobal.com\/wp-content\/uploads\/2022\/03\/IMG-20220328-WA0110-1-150x100.jpg 150w, http:\/\/vertienteglobal.com\/wp-content\/uploads\/2022\/03\/IMG-20220328-WA0110-1-768x512.jpg 768w, http:\/\/vertienteglobal.com\/wp-content\/uploads\/2022\/03\/IMG-20220328-WA0110-1.jpg 1280w\" sizes=\"auto, (max-width: 1024px) 100vw, 1024px\" \/><\/figure>\n","protected":false},"excerpt":{"rendered":"<p>(Redacci\u00f3n) Tres mujeres y dos hombres buscar\u00e1n dicho cargo el pr\u00f3ximo domingo 5 de junio, y de acuerdo con el Calendario Integral, la campa\u00f1a electoral para gobernador iniciar\u00e1 el d\u00eda 3 de abril y concluir\u00e1 el pr\u00f3ximo martes 1 de junio Chetumal, Quintana Roo a 28 de marzo 2022.-Integrantes del Consejo General del Instituto Electoral [&hellip;]<\/p>\n","protected":false},"author":1,"featured_media":200673,"comment_status":"open","ping_status":"open","sticky":false,"template":"","format":"standard","meta":{"footnotes":""},"categories":[3],"tags":[],"class_list":["post-200672","post","type-post","status-publish","format-standard","has-post-thumbnail","hentry","category-quintana-roo","entry","has-media"],"jetpack_featured_media_url":"http:\/\/vertienteglobal.com\/wp-content\/uploads\/2022\/03\/FB_IMG_1648533590327-1.jpg","_links":{"self":[{"href":"http:\/\/vertienteglobal.com\/index.php?rest_route=\/wp\/v2\/posts\/200672","targetHints":{"allow":["GET"]}}],"collection":[{"href":"http:\/\/vertienteglobal.com\/index.php?rest_route=\/wp\/v2\/posts"}],"about":[{"href":"http:\/\/vertienteglobal.com\/index.php?rest_route=\/wp\/v2\/types\/post"}],"author":[{"embeddable":true,"href":"http:\/\/vertienteglobal.com\/index.php?rest_route=\/wp\/v2\/users\/1"}],"replies":[{"embeddable":true,"href":"http:\/\/vertienteglobal.com\/index.php?rest_route=%2Fwp%2Fv2%2Fcomments&post=200672"}],"version-history":[{"count":0,"href":"http:\/\/vertienteglobal.com\/index.php?rest_route=\/wp\/v2\/posts\/200672\/revisions"}],"wp:featuredmedia":[{"embeddable":true,"href":"http:\/\/vertienteglobal.com\/index.php?rest_route=\/wp\/v2\/media\/200673"}],"wp:attachment":[{"href":"http:\/\/vertienteglobal.com\/index.php?rest_route=%2Fwp%2Fv2%2Fmedia&parent=200672"}],"wp:term":[{"taxonomy":"category","embeddable":true,"href":"http:\/\/vertienteglobal.com\/index.php?rest_route=%2Fwp%2Fv2%2Fcategories&post=200672"},{"taxonomy":"post_tag","embeddable":true,"href":"http:\/\/vertienteglobal.com\/index.php?rest_route=%2Fwp%2Fv2%2Ftags&post=200672"}],"curies":[{"name":"wp","href":"https:\/\/api.w.org\/{rel}","templated":true}]}}