{"id":200569,"date":"2022-03-27T18:24:00","date_gmt":"2022-03-28T00:24:00","guid":{"rendered":"http:\/\/vertienteglobal.com\/?p=200569"},"modified":"2022-03-27T22:02:28","modified_gmt":"2022-03-28T04:02:28","slug":"amlo-atestigua-avances-de-mejoramiento-urbano-en-ecatepec","status":"publish","type":"post","link":"http:\/\/vertienteglobal.com\/?p=200569","title":{"rendered":"AMLO atestigua avances de mejoramiento urbano en Ecatepec"},"content":{"rendered":"\n<div class=\"twitterbutton\" style=\"float: right; padding-left: 5px;\"><a href=\"http:\/\/twitter.com\/share\" class=\"twitter-share-button\" data-count=\"horizontal\" data-text=\"AMLO atestigua avances de mejoramiento urbano en Ecatepec\" data-via=\"https:\/\/twitter.com\/VertienteGloba1\" data-url=\"http:\/\/vertienteglobal.com\/?p=200569\" data-lang=\"es\" data-related=\"Informaci\u00f3n general:S\u00edguenos para que est\u00e9ss informado\"><\/a><\/div>\n<figure class=\"wp-block-image size-large\"><img loading=\"lazy\" decoding=\"async\" width=\"1024\" height=\"681\" src=\"http:\/\/vertienteglobal.com\/wp-content\/uploads\/2022\/03\/172824.jpg\" alt=\"\" class=\"wp-image-200570\" srcset=\"http:\/\/vertienteglobal.com\/wp-content\/uploads\/2022\/03\/172824.jpg 1024w, http:\/\/vertienteglobal.com\/wp-content\/uploads\/2022\/03\/172824-300x200.jpg 300w, http:\/\/vertienteglobal.com\/wp-content\/uploads\/2022\/03\/172824-150x100.jpg 150w, http:\/\/vertienteglobal.com\/wp-content\/uploads\/2022\/03\/172824-768x511.jpg 768w\" sizes=\"auto, (max-width: 1024px) 100vw, 1024px\" \/><\/figure>\n\n\n\n<p>(Redacci\u00f3n)<\/p>\n\n\n\n<p>El mandatario en sus redes sociales, coment\u00f3 lo siguiente: &#8216;Concluimos la supervisi\u00f3n de programas y obras en Iztapalapa, Nezahualc\u00f3yotl y Ecatepec. No dejamos de crear espacios para el deporte y la recreaci\u00f3n de los j\u00f3venes&#8217;<\/p>\n\n\n\n<p>Ecatepec, Estado de M\u00e9xico a 28 de marzo de 2022.-El presidente Andr\u00e9s Manuel L\u00f3pez Obrador atestigu\u00f3 los avances de las acciones de mejoramiento urbano que se llevan a cabo en Ecatepec de Morelos.<\/p>\n\n\n\n<p>El mandatario en sus redes sociales, coment\u00f3 lo siguiente: &#8216;Concluimos la supervisi\u00f3n de programas y obras en Iztapalapa, Nezahualc\u00f3yotl y Ecatepec. No dejamos de crear espacios para el deporte y la recreaci\u00f3n de los j\u00f3venes&#8217;.<\/p>\n\n\n\n<p>A trav\u00e9s de un video, el jefe del Ejecutivo explic\u00f3 que Ecatepec es uno de los municipios con m\u00e1s poblaci\u00f3n en el pa\u00eds y registra altos \u00edndices de marginaci\u00f3n, por lo que se atiende de manera prioritaria.<\/p>\n\n\n\n<p>&#8216;Se est\u00e1n llevando a cabo estas obras que estamos supervisando; que la gente, sobre todo los j\u00f3venes, puedan tener estos espacios para el deporte, para la recreaci\u00f3n&#8217;, expres\u00f3.<\/p>\n\n\n\n<p>Sostuvo que escuchar\u00e1 a todo el pueblo de M\u00e9xico y seguir\u00e1 trabajando en favor de la gente humilde.(Fuente:RRS)<\/p>\n","protected":false},"excerpt":{"rendered":"<p>(Redacci\u00f3n) El mandatario en sus redes sociales, coment\u00f3 lo siguiente: &#8216;Concluimos la supervisi\u00f3n de programas y obras en Iztapalapa, Nezahualc\u00f3yotl y Ecatepec. No dejamos de crear espacios para el deporte y la recreaci\u00f3n de los j\u00f3venes&#8217; Ecatepec, Estado de M\u00e9xico a 28 de marzo de 2022.-El presidente Andr\u00e9s Manuel L\u00f3pez Obrador atestigu\u00f3 los avances de [&hellip;]<\/p>\n","protected":false},"author":1,"featured_media":200570,"comment_status":"open","ping_status":"open","sticky":false,"template":"","format":"standard","meta":{"footnotes":""},"categories":[8],"tags":[],"class_list":["post-200569","post","type-post","status-publish","format-standard","has-post-thumbnail","hentry","category-pais","entry","has-media"],"jetpack_featured_media_url":"http:\/\/vertienteglobal.com\/wp-content\/uploads\/2022\/03\/172824.jpg","_links":{"self":[{"href":"http:\/\/vertienteglobal.com\/index.php?rest_route=\/wp\/v2\/posts\/200569","targetHints":{"allow":["GET"]}}],"collection":[{"href":"http:\/\/vertienteglobal.com\/index.php?rest_route=\/wp\/v2\/posts"}],"about":[{"href":"http:\/\/vertienteglobal.com\/index.php?rest_route=\/wp\/v2\/types\/post"}],"author":[{"embeddable":true,"href":"http:\/\/vertienteglobal.com\/index.php?rest_route=\/wp\/v2\/users\/1"}],"replies":[{"embeddable":true,"href":"http:\/\/vertienteglobal.com\/index.php?rest_route=%2Fwp%2Fv2%2Fcomments&post=200569"}],"version-history":[{"count":0,"href":"http:\/\/vertienteglobal.com\/index.php?rest_route=\/wp\/v2\/posts\/200569\/revisions"}],"wp:featuredmedia":[{"embeddable":true,"href":"http:\/\/vertienteglobal.com\/index.php?rest_route=\/wp\/v2\/media\/200570"}],"wp:attachment":[{"href":"http:\/\/vertienteglobal.com\/index.php?rest_route=%2Fwp%2Fv2%2Fmedia&parent=200569"}],"wp:term":[{"taxonomy":"category","embeddable":true,"href":"http:\/\/vertienteglobal.com\/index.php?rest_route=%2Fwp%2Fv2%2Fcategories&post=200569"},{"taxonomy":"post_tag","embeddable":true,"href":"http:\/\/vertienteglobal.com\/index.php?rest_route=%2Fwp%2Fv2%2Ftags&post=200569"}],"curies":[{"name":"wp","href":"https:\/\/api.w.org\/{rel}","templated":true}]}}