{"id":200495,"date":"2022-03-25T23:24:59","date_gmt":"2022-03-26T05:24:59","guid":{"rendered":"http:\/\/vertienteglobal.com\/?p=200495"},"modified":"2022-03-26T14:41:54","modified_gmt":"2022-03-26T20:41:54","slug":"te-gustaria-ir-a-la-luna-asi-podrias-hacer-llegar-tu-nombre","status":"publish","type":"post","link":"http:\/\/vertienteglobal.com\/?p=200495","title":{"rendered":"\u00bfTe gustar\u00eda ir a la Luna? As\u00ed podr\u00edas hacer llegar tu nombre"},"content":{"rendered":"\n<div class=\"twitterbutton\" style=\"float: right; padding-left: 5px;\"><a href=\"http:\/\/twitter.com\/share\" class=\"twitter-share-button\" data-count=\"horizontal\" data-text=\"\u00bfTe gustar\u00eda ir a la Luna? As\u00ed podr\u00edas hacer llegar tu nombre\" data-via=\"https:\/\/twitter.com\/VertienteGloba1\" data-url=\"http:\/\/vertienteglobal.com\/?p=200495\" data-lang=\"es\" data-related=\"Informaci\u00f3n general:S\u00edguenos para que est\u00e9ss informado\"><\/a><\/div>\n<figure class=\"wp-block-image size-large\"><img loading=\"lazy\" decoding=\"async\" width=\"1024\" height=\"683\" src=\"http:\/\/vertienteglobal.com\/wp-content\/uploads\/2022\/03\/1207367.jpg\" alt=\"\" class=\"wp-image-200496\" srcset=\"http:\/\/vertienteglobal.com\/wp-content\/uploads\/2022\/03\/1207367.jpg 1024w, http:\/\/vertienteglobal.com\/wp-content\/uploads\/2022\/03\/1207367-300x200.jpg 300w, http:\/\/vertienteglobal.com\/wp-content\/uploads\/2022\/03\/1207367-150x100.jpg 150w, http:\/\/vertienteglobal.com\/wp-content\/uploads\/2022\/03\/1207367-768x512.jpg 768w\" sizes=\"auto, (max-width: 1024px) 100vw, 1024px\" \/><\/figure>\n\n\n\n<p>)Redacci\u00f3n\/Agencias)<\/p>\n\n\n\n<p>La NASA explic\u00f3 en un comunicado que el vuelo, cuyo lanzamiento est\u00e1 previsto para los pr\u00f3ximos meses, allanar\u00e1 el camino para la llegada de la primera mujer y la primera persona de color a la Luna<\/p>\n\n\n\n<p>Ciudad de M\u00e9xico 25 de marzo de 2022.-La campa\u00f1a \u00abEnv\u00eda tu nombre con Artemis\u00bb de la agencia, empez\u00f3 el 2 de marzo, y a la fecha ya ha recolectado m\u00e1s de 1,7 millones de nombres.<\/p>\n\n\n\n<p>Y es que la Administraci\u00f3n Nacional de Aeron\u00e1utica y el Espacio (NASA) quiere que todos los habitantes del continente americano que hablen espa\u00f1ol puedan formar parte de la historia espacial, mandando su nombre a bordo de la nave espacial Ori\u00f3n durante la misi\u00f3n Artemis I.<\/p>\n\n\n\n<p>La NASA explic\u00f3 en un comunicado que el vuelo, cuyo lanzamiento est\u00e1 previsto para los pr\u00f3ximos meses, allanar\u00e1 el camino para la llegada de la primera mujer y la primera persona de color a la Luna.<\/p>\n\n\n\n<p>Pero antes de ese hito, pueden adelantarse al viaje millones de nombres. Es por eso que el instituto de aeron\u00e1utica invit\u00f3 a la gente a enviar sus nombres para que sean incluidos en una memoria USB que ir\u00e1 a bordo de la nave espacial Ori\u00f3n durante la misi\u00f3n Artemis I de la agencia.<\/p>\n\n\n\n<p>Esta foto del 6 de diciembre de 2021 proporcionada por la NASA muestra la Estaci\u00f3n Espacial Internacional en \u00f3rbita a 264 millas sobre el mar Tirreno con la nave tripulada Soyuz MS-19 acoplada.<\/p>\n\n\n\n<p>Actualmente la NASA ha habilitado una direcci\u00f3n web donde los interesados pueden conocer m\u00e1s detalles sobre la iniciativa. Adem\u00e1s, quienes env\u00eden su nombre para ser inmortalizado en el viaje lunar, tambi\u00e9n podr\u00e1n obtener sus tarjetas de embarque Artemis en espa\u00f1ol.<\/p>\n\n\n\n<p>La campa\u00f1a \u00abEnv\u00eda tu nombre con Artemis\u00bb de la agencia, empez\u00f3 el 2 de marzo y a la fecha ya ha recolectado m\u00e1s de 1,7 millones de nombres.<\/p>\n\n\n\n<p>Seg\u00fan la NASA, Artemis I ser\u00e1 la primera prueba de vuelo sin tripulaci\u00f3n del cohete Sistema de Lanzamiento Espacial y de la nave Ori\u00f3n, y se lanzar\u00e1 desde el Centro Espacial Kennedy de la NASA en Florida.<\/p>\n\n\n\n<p>\u201cEl programa Artemis de la NASA quiere establecer una presencia humana continua en nuestro sat\u00e9lite natural que tambi\u00e9n sirva de punto de partida para explorar Marte y m\u00e1s all\u00e1\u201d, cit\u00f3 la agencia sobre el vuelo.(Fuente:VOA)<\/p>\n","protected":false},"excerpt":{"rendered":"<p>)Redacci\u00f3n\/Agencias) La NASA explic\u00f3 en un comunicado que el vuelo, cuyo lanzamiento est\u00e1 previsto para los pr\u00f3ximos meses, allanar\u00e1 el camino para la llegada de la primera mujer y la primera persona de color a la Luna Ciudad de M\u00e9xico 25 de marzo de 2022.-La campa\u00f1a \u00abEnv\u00eda tu nombre con Artemis\u00bb de la agencia, empez\u00f3 [&hellip;]<\/p>\n","protected":false},"author":1,"featured_media":200496,"comment_status":"open","ping_status":"open","sticky":false,"template":"","format":"standard","meta":{"footnotes":""},"categories":[8],"tags":[],"class_list":["post-200495","post","type-post","status-publish","format-standard","has-post-thumbnail","hentry","category-pais","entry","has-media"],"jetpack_featured_media_url":"http:\/\/vertienteglobal.com\/wp-content\/uploads\/2022\/03\/1207367.jpg","_links":{"self":[{"href":"http:\/\/vertienteglobal.com\/index.php?rest_route=\/wp\/v2\/posts\/200495","targetHints":{"allow":["GET"]}}],"collection":[{"href":"http:\/\/vertienteglobal.com\/index.php?rest_route=\/wp\/v2\/posts"}],"about":[{"href":"http:\/\/vertienteglobal.com\/index.php?rest_route=\/wp\/v2\/types\/post"}],"author":[{"embeddable":true,"href":"http:\/\/vertienteglobal.com\/index.php?rest_route=\/wp\/v2\/users\/1"}],"replies":[{"embeddable":true,"href":"http:\/\/vertienteglobal.com\/index.php?rest_route=%2Fwp%2Fv2%2Fcomments&post=200495"}],"version-history":[{"count":0,"href":"http:\/\/vertienteglobal.com\/index.php?rest_route=\/wp\/v2\/posts\/200495\/revisions"}],"wp:featuredmedia":[{"embeddable":true,"href":"http:\/\/vertienteglobal.com\/index.php?rest_route=\/wp\/v2\/media\/200496"}],"wp:attachment":[{"href":"http:\/\/vertienteglobal.com\/index.php?rest_route=%2Fwp%2Fv2%2Fmedia&parent=200495"}],"wp:term":[{"taxonomy":"category","embeddable":true,"href":"http:\/\/vertienteglobal.com\/index.php?rest_route=%2Fwp%2Fv2%2Fcategories&post=200495"},{"taxonomy":"post_tag","embeddable":true,"href":"http:\/\/vertienteglobal.com\/index.php?rest_route=%2Fwp%2Fv2%2Ftags&post=200495"}],"curies":[{"name":"wp","href":"https:\/\/api.w.org\/{rel}","templated":true}]}}