{"id":200332,"date":"2022-03-23T14:53:28","date_gmt":"2022-03-23T20:53:28","guid":{"rendered":"http:\/\/vertienteglobal.com\/?p=200332"},"modified":"2022-03-24T10:58:33","modified_gmt":"2022-03-24T16:58:33","slug":"pvem-abandona-a-morena-en-hidalgo-se-baja-de-candidatura-para-gubernatura","status":"publish","type":"post","link":"http:\/\/vertienteglobal.com\/?p=200332","title":{"rendered":"PVEM abandona a Morena en Hidalgo; se baja de candidatura para gubernatura"},"content":{"rendered":"\n<div class=\"twitterbutton\" style=\"float: right; padding-left: 5px;\"><a href=\"http:\/\/twitter.com\/share\" class=\"twitter-share-button\" data-count=\"horizontal\" data-text=\"PVEM abandona a Morena en Hidalgo; se baja de candidatura para gubernatura\" data-via=\"https:\/\/twitter.com\/VertienteGloba1\" data-url=\"http:\/\/vertienteglobal.com\/?p=200332\" data-lang=\"es\" data-related=\"Informaci\u00f3n general:S\u00edguenos para que est\u00e9ss informado\"><\/a><\/div>\n<figure class=\"wp-block-image size-large\"><img loading=\"lazy\" decoding=\"async\" width=\"1024\" height=\"641\" src=\"http:\/\/vertienteglobal.com\/wp-content\/uploads\/2022\/03\/172417.jpg\" alt=\"\" class=\"wp-image-200333\" srcset=\"http:\/\/vertienteglobal.com\/wp-content\/uploads\/2022\/03\/172417.jpg 1024w, http:\/\/vertienteglobal.com\/wp-content\/uploads\/2022\/03\/172417-300x188.jpg 300w, http:\/\/vertienteglobal.com\/wp-content\/uploads\/2022\/03\/172417-150x94.jpg 150w, http:\/\/vertienteglobal.com\/wp-content\/uploads\/2022\/03\/172417-768x481.jpg 768w\" sizes=\"auto, (max-width: 1024px) 100vw, 1024px\" \/><\/figure>\n\n\n\n<p>23 mar 2022 8:56 AM<\/p>\n\n\n\n<p>Por: Redacci\u00f3n xeva Noticias<\/p>\n\n\n\n<p><\/p>\n\n\n\n<p>Pachucha de Soto, Hidalgo, 23 de marzo de 2022.-El Partido Verde Ecologista de M\u00e9xico (PVEM) abandon\u00f3 la candidatura que ten\u00eda en com\u00fan con Morena en Juntos Hacemos Historia para la gubernatura de Hidalgo.<\/p>\n\n\n\n<p>A trav\u00e9s de su delegado especial y representante ante el Instituto Estatal Electoral, Honorato Rodr\u00edguez Murillo, se explic\u00f3 que se postular\u00e1 a un candidato de manera individual.<\/p>\n\n\n\n<p>De acuerdo con el escrito del PVEM, dirigido al pleno del Consejo General del Instituto Estatal Electoral de Hidalgo (IEEH), es inviable continuar con la candidatura com\u00fan con los otros partidos pol\u00edticos.<\/p>\n\n\n\n<p>Cabe se\u00f1alar que el Consejo General del IEEH deber\u00e1 sesionar para atender la solicitud del partido. El plazo para el registro vence este mi\u00e9rcoles.<\/p>\n\n\n\n<p>De acuerdo con fuentes internas del PVEM, la decisi\u00f3n se tom\u00f3 desde la dirigencia nacional del partido. El periodo para registrar a un candidato vence este mi\u00e9rcoles 23 de marzo, con base en los tiempos establecidos en el Calendario Electoral.(Fuente: Reporte\u00cdndigo)<\/p>\n\n\n\n<figure class=\"wp-block-image size-large\"><img loading=\"lazy\" decoding=\"async\" width=\"722\" height=\"1024\" src=\"http:\/\/vertienteglobal.com\/wp-content\/uploads\/2022\/03\/20220324_115629-722x1024.jpg\" alt=\"\" class=\"wp-image-200334\" srcset=\"http:\/\/vertienteglobal.com\/wp-content\/uploads\/2022\/03\/20220324_115629-722x1024.jpg 722w, http:\/\/vertienteglobal.com\/wp-content\/uploads\/2022\/03\/20220324_115629-212x300.jpg 212w, http:\/\/vertienteglobal.com\/wp-content\/uploads\/2022\/03\/20220324_115629-106x150.jpg 106w, http:\/\/vertienteglobal.com\/wp-content\/uploads\/2022\/03\/20220324_115629-768x1089.jpg 768w, http:\/\/vertienteglobal.com\/wp-content\/uploads\/2022\/03\/20220324_115629.jpg 903w\" sizes=\"auto, (max-width: 722px) 100vw, 722px\" \/><\/figure>\n\n\n\n<figure class=\"wp-block-image size-large\"><img loading=\"lazy\" decoding=\"async\" width=\"784\" height=\"1024\" src=\"http:\/\/vertienteglobal.com\/wp-content\/uploads\/2022\/03\/20220324_115632-784x1024.jpg\" alt=\"\" class=\"wp-image-200335\" srcset=\"http:\/\/vertienteglobal.com\/wp-content\/uploads\/2022\/03\/20220324_115632-784x1024.jpg 784w, http:\/\/vertienteglobal.com\/wp-content\/uploads\/2022\/03\/20220324_115632-230x300.jpg 230w, http:\/\/vertienteglobal.com\/wp-content\/uploads\/2022\/03\/20220324_115632-115x150.jpg 115w, http:\/\/vertienteglobal.com\/wp-content\/uploads\/2022\/03\/20220324_115632-768x1003.jpg 768w, http:\/\/vertienteglobal.com\/wp-content\/uploads\/2022\/03\/20220324_115632.jpg 980w\" sizes=\"auto, (max-width: 784px) 100vw, 784px\" \/><\/figure>\n\n\n\n<figure class=\"wp-block-image size-large\"><img loading=\"lazy\" decoding=\"async\" width=\"708\" height=\"1024\" src=\"http:\/\/vertienteglobal.com\/wp-content\/uploads\/2022\/03\/20220324_115634-708x1024.jpg\" alt=\"\" class=\"wp-image-200336\" srcset=\"http:\/\/vertienteglobal.com\/wp-content\/uploads\/2022\/03\/20220324_115634-708x1024.jpg 708w, http:\/\/vertienteglobal.com\/wp-content\/uploads\/2022\/03\/20220324_115634-207x300.jpg 207w, http:\/\/vertienteglobal.com\/wp-content\/uploads\/2022\/03\/20220324_115634-104x150.jpg 104w, http:\/\/vertienteglobal.com\/wp-content\/uploads\/2022\/03\/20220324_115634-768x1111.jpg 768w, http:\/\/vertienteglobal.com\/wp-content\/uploads\/2022\/03\/20220324_115634.jpg 885w\" sizes=\"auto, (max-width: 708px) 100vw, 708px\" \/><\/figure>\n\n\n\n<figure class=\"wp-block-image size-large\"><img loading=\"lazy\" decoding=\"async\" width=\"755\" height=\"1024\" src=\"http:\/\/vertienteglobal.com\/wp-content\/uploads\/2022\/03\/20220324_115637-755x1024.jpg\" alt=\"\" class=\"wp-image-200337\" srcset=\"http:\/\/vertienteglobal.com\/wp-content\/uploads\/2022\/03\/20220324_115637-755x1024.jpg 755w, http:\/\/vertienteglobal.com\/wp-content\/uploads\/2022\/03\/20220324_115637-221x300.jpg 221w, http:\/\/vertienteglobal.com\/wp-content\/uploads\/2022\/03\/20220324_115637-111x150.jpg 111w, http:\/\/vertienteglobal.com\/wp-content\/uploads\/2022\/03\/20220324_115637-768x1041.jpg 768w, http:\/\/vertienteglobal.com\/wp-content\/uploads\/2022\/03\/20220324_115637.jpg 944w\" sizes=\"auto, (max-width: 755px) 100vw, 755px\" \/><\/figure>\n","protected":false},"excerpt":{"rendered":"<p>23 mar 2022 8:56 AM Por: Redacci\u00f3n xeva Noticias Pachucha de Soto, Hidalgo, 23 de marzo de 2022.-El Partido Verde Ecologista de M\u00e9xico (PVEM) abandon\u00f3 la candidatura que ten\u00eda en com\u00fan con Morena en Juntos Hacemos Historia para la gubernatura de Hidalgo. A trav\u00e9s de su delegado especial y representante ante el Instituto Estatal Electoral, [&hellip;]<\/p>\n","protected":false},"author":1,"featured_media":200333,"comment_status":"open","ping_status":"open","sticky":false,"template":"","format":"standard","meta":{"footnotes":""},"categories":[8],"tags":[],"class_list":["post-200332","post","type-post","status-publish","format-standard","has-post-thumbnail","hentry","category-pais","entry","has-media"],"jetpack_featured_media_url":"http:\/\/vertienteglobal.com\/wp-content\/uploads\/2022\/03\/172417.jpg","_links":{"self":[{"href":"http:\/\/vertienteglobal.com\/index.php?rest_route=\/wp\/v2\/posts\/200332","targetHints":{"allow":["GET"]}}],"collection":[{"href":"http:\/\/vertienteglobal.com\/index.php?rest_route=\/wp\/v2\/posts"}],"about":[{"href":"http:\/\/vertienteglobal.com\/index.php?rest_route=\/wp\/v2\/types\/post"}],"author":[{"embeddable":true,"href":"http:\/\/vertienteglobal.com\/index.php?rest_route=\/wp\/v2\/users\/1"}],"replies":[{"embeddable":true,"href":"http:\/\/vertienteglobal.com\/index.php?rest_route=%2Fwp%2Fv2%2Fcomments&post=200332"}],"version-history":[{"count":0,"href":"http:\/\/vertienteglobal.com\/index.php?rest_route=\/wp\/v2\/posts\/200332\/revisions"}],"wp:featuredmedia":[{"embeddable":true,"href":"http:\/\/vertienteglobal.com\/index.php?rest_route=\/wp\/v2\/media\/200333"}],"wp:attachment":[{"href":"http:\/\/vertienteglobal.com\/index.php?rest_route=%2Fwp%2Fv2%2Fmedia&parent=200332"}],"wp:term":[{"taxonomy":"category","embeddable":true,"href":"http:\/\/vertienteglobal.com\/index.php?rest_route=%2Fwp%2Fv2%2Fcategories&post=200332"},{"taxonomy":"post_tag","embeddable":true,"href":"http:\/\/vertienteglobal.com\/index.php?rest_route=%2Fwp%2Fv2%2Ftags&post=200332"}],"curies":[{"name":"wp","href":"https:\/\/api.w.org\/{rel}","templated":true}]}}