{"id":200234,"date":"2022-03-22T12:51:00","date_gmt":"2022-03-22T18:51:00","guid":{"rendered":"http:\/\/vertienteglobal.com\/?p=200234"},"modified":"2022-03-22T15:40:58","modified_gmt":"2022-03-22T21:40:58","slug":"transportistas-de-carga-en-cancun-se-manifiestan-para-exigir-seguridad-en-carreteras-menos-impuesto-y-regulacion-de-servicios","status":"publish","type":"post","link":"http:\/\/vertienteglobal.com\/?p=200234","title":{"rendered":"Transportistas de carga en Canc\u00fan se manifiestan para exigir seguridad en carreteras, menos impuesto y regulaci\u00f3n de servicios"},"content":{"rendered":"\n<div class=\"twitterbutton\" style=\"float: right; padding-left: 5px;\"><a href=\"http:\/\/twitter.com\/share\" class=\"twitter-share-button\" data-count=\"horizontal\" data-text=\"Transportistas de carga en Canc\u00fan se manifiestan para exigir seguridad en carre...\" data-via=\"https:\/\/twitter.com\/VertienteGloba1\" data-url=\"http:\/\/vertienteglobal.com\/?p=200234\" data-lang=\"es\" data-related=\"Informaci\u00f3n general:S\u00edguenos para que est\u00e9ss informado\"><\/a><\/div>\n<figure class=\"wp-block-image size-large\"><img loading=\"lazy\" decoding=\"async\" width=\"577\" height=\"1024\" src=\"http:\/\/vertienteglobal.com\/wp-content\/uploads\/2022\/03\/20220322_100806-577x1024.jpg\" alt=\"\" class=\"wp-image-200235\" srcset=\"http:\/\/vertienteglobal.com\/wp-content\/uploads\/2022\/03\/20220322_100806-577x1024.jpg 577w, http:\/\/vertienteglobal.com\/wp-content\/uploads\/2022\/03\/20220322_100806-169x300.jpg 169w, http:\/\/vertienteglobal.com\/wp-content\/uploads\/2022\/03\/20220322_100806-84x150.jpg 84w, http:\/\/vertienteglobal.com\/wp-content\/uploads\/2022\/03\/20220322_100806-768x1364.jpg 768w, http:\/\/vertienteglobal.com\/wp-content\/uploads\/2022\/03\/20220322_100806-865x1536.jpg 865w, http:\/\/vertienteglobal.com\/wp-content\/uploads\/2022\/03\/20220322_100806.jpg 901w\" sizes=\"auto, (max-width: 577px) 100vw, 577px\" \/><\/figure>\n\n\n\n<p>(Redacci\u00f3n)<\/p>\n\n\n\n<p>Cancin, Quintana Roo a 22 de marzo de 2022.- Una caravana de alrededor de 100 volquetes parti\u00f3 del filtro de la Secretar\u00eda de Seguridad P\u00fablica localizado en la entrada a la ciudad, sobre la avenida Jos\u00e9 L\u00f3pez Portillo, y avanz\u00f3 hacia la Bonampak, a manera de protesta para pedir mayor seguridad en las carreteras y una ley que regule sus servicios.<\/p>\n\n\n\n<p>Y es que el representante de la uni\u00f3n de permisionarios CRON en Benito Ju\u00e1rez, Adelfo Castillo Mora, se\u00f1alo: \u00abLa manifestaci\u00f3n es pac\u00edfica, es a los tres niveles de gobierno, porque los tres niveles de gobierno hoy en d\u00eda, pues los jefes no han dicho y nos entrevistamos con ellos, que s\u00ed hay apoyo, pero en el campo, en la calle las cosas son totalmente diferente\u201d.<\/p>\n\n\n\n<p>En la manifestaci\u00f3n participan miembros de sindicatos como la CROC y CTM, entre otros, quienes tambi\u00e9n piden disminuci\u00f3n a los impuestos y que se detenga el alza en el precio de los combustibles.<\/p>\n\n\n\n<p>De acuerdo con representantes sindicales, al llegar a la avenida Bonampak la caravana tomar\u00e1 direcci\u00f3n hacia el bulevar Luis Donaldo Colosio.<\/p>\n\n\n\n<p>Asimismo, se prev\u00e9 que esta manifestaci\u00f3n concluya a la altura del puente del Moon Palace, sobre la carretera a Puerto Morelos, donde los inconformes dar\u00e1n lectura a un pliego petitorio.<\/p>\n\n\n\n<p>Por \u00faltimo agregaron que debido a este movimiento los volqueteros de los diversos gremios suspendieron sus servicios de transporte de materiales para la construcci\u00f3n del Tren Maya desde L\u00e1zaro C\u00e1rdenas hasta Canc\u00fan.<\/p>\n\n\n\n<figure class=\"wp-block-image size-large\"><img loading=\"lazy\" decoding=\"async\" width=\"1024\" height=\"576\" src=\"http:\/\/vertienteglobal.com\/wp-content\/uploads\/2022\/03\/IMG-20220322-WA0101-1024x576.jpg\" alt=\"\" class=\"wp-image-200237\" srcset=\"http:\/\/vertienteglobal.com\/wp-content\/uploads\/2022\/03\/IMG-20220322-WA0101-1024x576.jpg 1024w, http:\/\/vertienteglobal.com\/wp-content\/uploads\/2022\/03\/IMG-20220322-WA0101-300x169.jpg 300w, http:\/\/vertienteglobal.com\/wp-content\/uploads\/2022\/03\/IMG-20220322-WA0101-150x84.jpg 150w, http:\/\/vertienteglobal.com\/wp-content\/uploads\/2022\/03\/IMG-20220322-WA0101-768x432.jpg 768w, http:\/\/vertienteglobal.com\/wp-content\/uploads\/2022\/03\/IMG-20220322-WA0101.jpg 1280w\" sizes=\"auto, (max-width: 1024px) 100vw, 1024px\" \/><\/figure>\n","protected":false},"excerpt":{"rendered":"<p>(Redacci\u00f3n) Cancin, Quintana Roo a 22 de marzo de 2022.- Una caravana de alrededor de 100 volquetes parti\u00f3 del filtro de la Secretar\u00eda de Seguridad P\u00fablica localizado en la entrada a la ciudad, sobre la avenida Jos\u00e9 L\u00f3pez Portillo, y avanz\u00f3 hacia la Bonampak, a manera de protesta para pedir mayor seguridad en las carreteras [&hellip;]<\/p>\n","protected":false},"author":1,"featured_media":200237,"comment_status":"open","ping_status":"open","sticky":false,"template":"","format":"standard","meta":{"footnotes":""},"categories":[3],"tags":[],"class_list":["post-200234","post","type-post","status-publish","format-standard","has-post-thumbnail","hentry","category-quintana-roo","entry","has-media"],"jetpack_featured_media_url":"http:\/\/vertienteglobal.com\/wp-content\/uploads\/2022\/03\/IMG-20220322-WA0101.jpg","_links":{"self":[{"href":"http:\/\/vertienteglobal.com\/index.php?rest_route=\/wp\/v2\/posts\/200234","targetHints":{"allow":["GET"]}}],"collection":[{"href":"http:\/\/vertienteglobal.com\/index.php?rest_route=\/wp\/v2\/posts"}],"about":[{"href":"http:\/\/vertienteglobal.com\/index.php?rest_route=\/wp\/v2\/types\/post"}],"author":[{"embeddable":true,"href":"http:\/\/vertienteglobal.com\/index.php?rest_route=\/wp\/v2\/users\/1"}],"replies":[{"embeddable":true,"href":"http:\/\/vertienteglobal.com\/index.php?rest_route=%2Fwp%2Fv2%2Fcomments&post=200234"}],"version-history":[{"count":0,"href":"http:\/\/vertienteglobal.com\/index.php?rest_route=\/wp\/v2\/posts\/200234\/revisions"}],"wp:featuredmedia":[{"embeddable":true,"href":"http:\/\/vertienteglobal.com\/index.php?rest_route=\/wp\/v2\/media\/200237"}],"wp:attachment":[{"href":"http:\/\/vertienteglobal.com\/index.php?rest_route=%2Fwp%2Fv2%2Fmedia&parent=200234"}],"wp:term":[{"taxonomy":"category","embeddable":true,"href":"http:\/\/vertienteglobal.com\/index.php?rest_route=%2Fwp%2Fv2%2Fcategories&post=200234"},{"taxonomy":"post_tag","embeddable":true,"href":"http:\/\/vertienteglobal.com\/index.php?rest_route=%2Fwp%2Fv2%2Ftags&post=200234"}],"curies":[{"name":"wp","href":"https:\/\/api.w.org\/{rel}","templated":true}]}}