{"id":200144,"date":"2022-03-21T07:21:00","date_gmt":"2022-03-21T13:21:00","guid":{"rendered":"http:\/\/vertienteglobal.com\/?p=200144"},"modified":"2022-03-21T12:59:26","modified_gmt":"2022-03-21T18:59:26","slug":"despega-primer-vuelo-comercial-del-aifa-hacia-villahermosa","status":"publish","type":"post","link":"http:\/\/vertienteglobal.com\/?p=200144","title":{"rendered":"Despega primer vuelo comercial del AIFA hacia Villahermosa."},"content":{"rendered":"\n<div class=\"twitterbutton\" style=\"float: right; padding-left: 5px;\"><a href=\"http:\/\/twitter.com\/share\" class=\"twitter-share-button\" data-count=\"horizontal\" data-text=\"Despega primer vuelo comercial del AIFA hacia Villahermosa.\" data-via=\"https:\/\/twitter.com\/VertienteGloba1\" data-url=\"http:\/\/vertienteglobal.com\/?p=200144\" data-lang=\"es\" data-related=\"Informaci\u00f3n general:S\u00edguenos para que est\u00e9ss informado\"><\/a><\/div>\n<figure class=\"wp-block-image size-large\"><img loading=\"lazy\" decoding=\"async\" width=\"1024\" height=\"683\" src=\"http:\/\/vertienteglobal.com\/wp-content\/uploads\/2022\/03\/172201-1.jpg\" alt=\"\" class=\"wp-image-200145\" srcset=\"http:\/\/vertienteglobal.com\/wp-content\/uploads\/2022\/03\/172201-1.jpg 1024w, http:\/\/vertienteglobal.com\/wp-content\/uploads\/2022\/03\/172201-1-300x200.jpg 300w, http:\/\/vertienteglobal.com\/wp-content\/uploads\/2022\/03\/172201-1-150x100.jpg 150w, http:\/\/vertienteglobal.com\/wp-content\/uploads\/2022\/03\/172201-1-768x512.jpg 768w\" sizes=\"auto, (max-width: 1024px) 100vw, 1024px\" \/><\/figure>\n\n\n\n<p>(Antonio Rivera)<\/p>\n\n\n\n<p>El vuelo AM890 fue operado por un Embraer 190 de la regional Aerom\u00e9xico Connect y aterriz\u00f3 en el Aeropuerto Internacional de la ciudad de Villahermosa en punto de las 07:54 horas<\/p>\n\n\n\n<p>Tecama, Estado de M\u00e9xico 21 de marzo de 2022.-Esta ma\u00f1ana despeg\u00f3 el primer vuelo comercial del Aeropuerto Internacional Felipe \u00c1ngeles (AIFA), el cual fue operado por Aerom\u00e9xico y se dirigi\u00f3 a la ciudad de Villahermosa.<\/p>\n\n\n\n<p>Y es que la aeronave despeg\u00f3 en punto de las 06:53 horas desde las instalaciones situadas en el Estado de M\u00e9xico.<\/p>\n\n\n\n<p>El vuelo AM890 fue operado por un Embraer 190 de la regional Aerom\u00e9xico Connect y aterriz\u00f3 en el Aeropuerto Internacional de la ciudad de Villahermosa en punto de las 07:54 horas.<\/p>\n\n\n\n<p>Durante el primer d\u00eda de operaciones del AIFA, el gobierno de M\u00e9xico agend\u00f3 siete vuelos m\u00e1s con las aerol\u00edneas Volaris, Viva Aerobus y la compa\u00f1\u00eda venezolana Conviasa.<\/p>\n\n\n\n<p>Cabe destacar que el AIFA es controvertido porque reemplaza desde 2018 al Nuevo Aeropuerto Internacional de M\u00e9xico (NAIM), una obra moderna del sexenio de Enrique Pe\u00f1a Nieto (2012-2018) que a su vez despertaba cr\u00edticas por construirse sobre el lago de Texcoco.<\/p>\n\n\n\n<p><\/p>\n\n\n\n<p><\/p>\n","protected":false},"excerpt":{"rendered":"<p>(Antonio Rivera) El vuelo AM890 fue operado por un Embraer 190 de la regional Aerom\u00e9xico Connect y aterriz\u00f3 en el Aeropuerto Internacional de la ciudad de Villahermosa en punto de las 07:54 horas Tecama, Estado de M\u00e9xico 21 de marzo de 2022.-Esta ma\u00f1ana despeg\u00f3 el primer vuelo comercial del Aeropuerto Internacional Felipe \u00c1ngeles (AIFA), el [&hellip;]<\/p>\n","protected":false},"author":1,"featured_media":200145,"comment_status":"open","ping_status":"open","sticky":false,"template":"","format":"standard","meta":{"footnotes":""},"categories":[8],"tags":[],"class_list":["post-200144","post","type-post","status-publish","format-standard","has-post-thumbnail","hentry","category-pais","entry","has-media"],"jetpack_featured_media_url":"http:\/\/vertienteglobal.com\/wp-content\/uploads\/2022\/03\/172201-1.jpg","_links":{"self":[{"href":"http:\/\/vertienteglobal.com\/index.php?rest_route=\/wp\/v2\/posts\/200144","targetHints":{"allow":["GET"]}}],"collection":[{"href":"http:\/\/vertienteglobal.com\/index.php?rest_route=\/wp\/v2\/posts"}],"about":[{"href":"http:\/\/vertienteglobal.com\/index.php?rest_route=\/wp\/v2\/types\/post"}],"author":[{"embeddable":true,"href":"http:\/\/vertienteglobal.com\/index.php?rest_route=\/wp\/v2\/users\/1"}],"replies":[{"embeddable":true,"href":"http:\/\/vertienteglobal.com\/index.php?rest_route=%2Fwp%2Fv2%2Fcomments&post=200144"}],"version-history":[{"count":0,"href":"http:\/\/vertienteglobal.com\/index.php?rest_route=\/wp\/v2\/posts\/200144\/revisions"}],"wp:featuredmedia":[{"embeddable":true,"href":"http:\/\/vertienteglobal.com\/index.php?rest_route=\/wp\/v2\/media\/200145"}],"wp:attachment":[{"href":"http:\/\/vertienteglobal.com\/index.php?rest_route=%2Fwp%2Fv2%2Fmedia&parent=200144"}],"wp:term":[{"taxonomy":"category","embeddable":true,"href":"http:\/\/vertienteglobal.com\/index.php?rest_route=%2Fwp%2Fv2%2Fcategories&post=200144"},{"taxonomy":"post_tag","embeddable":true,"href":"http:\/\/vertienteglobal.com\/index.php?rest_route=%2Fwp%2Fv2%2Ftags&post=200144"}],"curies":[{"name":"wp","href":"https:\/\/api.w.org\/{rel}","templated":true}]}}