{"id":200137,"date":"2022-03-21T06:24:00","date_gmt":"2022-03-21T12:24:00","guid":{"rendered":"http:\/\/vertienteglobal.com\/?p=200137"},"modified":"2022-03-21T11:00:46","modified_gmt":"2022-03-21T17:00:46","slug":"luego-de-40-minutos-de-viaje-amlo-llega-al-aifa-para-su-inauguracion","status":"publish","type":"post","link":"http:\/\/vertienteglobal.com\/?p=200137","title":{"rendered":"Luego de 40 minutos de viaje, AMLO llega al AIFA para su inauguraci\u00f3n"},"content":{"rendered":"\n<div class=\"twitterbutton\" style=\"float: right; padding-left: 5px;\"><a href=\"http:\/\/twitter.com\/share\" class=\"twitter-share-button\" data-count=\"horizontal\" data-text=\"Luego de 40 minutos de viaje, AMLO llega al AIFA para su inauguraci\u00f3n\" data-via=\"https:\/\/twitter.com\/VertienteGloba1\" data-url=\"http:\/\/vertienteglobal.com\/?p=200137\" data-lang=\"es\" data-related=\"Informaci\u00f3n general:S\u00edguenos para que est\u00e9ss informado\"><\/a><\/div>\n<figure class=\"wp-block-image size-large\"><img loading=\"lazy\" decoding=\"async\" width=\"1024\" height=\"632\" src=\"http:\/\/vertienteglobal.com\/wp-content\/uploads\/2022\/03\/20220321_115854-1024x632.jpg\" alt=\"\" class=\"wp-image-200141\" srcset=\"http:\/\/vertienteglobal.com\/wp-content\/uploads\/2022\/03\/20220321_115854-1024x632.jpg 1024w, http:\/\/vertienteglobal.com\/wp-content\/uploads\/2022\/03\/20220321_115854-300x185.jpg 300w, http:\/\/vertienteglobal.com\/wp-content\/uploads\/2022\/03\/20220321_115854-150x93.jpg 150w, http:\/\/vertienteglobal.com\/wp-content\/uploads\/2022\/03\/20220321_115854-768x474.jpg 768w, http:\/\/vertienteglobal.com\/wp-content\/uploads\/2022\/03\/20220321_115854.jpg 1201w\" sizes=\"auto, (max-width: 1024px) 100vw, 1024px\" \/><\/figure>\n\n\n\n<p>(Redacci\u00f3n)<\/p>\n\n\n\n<p>L\u00f3pez Obrador encabezar\u00e1 su tradicional conferencia matutina en el AIFA a las 07:00 horas. Posteriormente, a las 11:00 horas, se prev\u00e9 la ceremonia de inauguraci\u00f3n de esta obra que comenzar\u00e1 sus operaciones con cuatro aerol\u00edneas, tres nacionales y una venezolana<\/p>\n\n\n\n<p>Ciudad de M\u00e9xico 21 de marzo de 2922.-La ma\u00f1ana de este lunes, el presidente de M\u00e9xico, Andr\u00e9s Manuel L\u00f3pez Obrador, se traslad\u00f3 desde el Palacio Nacional a las instalaciones del Aeropuerto Internacional Felipe \u00c1ngeles (AIFA), trayecto que le tom\u00f3 40 minutos.<\/p>\n\n\n\n<p>Y es que luego de las 05:00 horas, el primer mandatario abandon\u00f3 el Palacio Nacional para dirigirse a las nuevas instalaciones aeroportuarias y luego de recorrer 47.5 kil\u00f3metros, lleg\u00f3 a las 05:50 horas.<\/p>\n\n\n\n<p>Les voy a demostrar que voy a hacer media hora o 40 minutos, porque me voy a ir como a las 05:00 horas y tengo que estar a las 06:00 horas all\u00e1\u201d, indic\u00f3 el presidente d\u00edas atr\u00e1s.<\/p>\n\n\n\n<p>Este lunes, L\u00f3pez Obrador encabezar\u00e1 su tradicional conferencia matutina en el AIFA a las 07:00 horas. Posteriormente, a las 11:00 horas, se prev\u00e9 la ceremonia de inauguraci\u00f3n de esta obra que comenzar\u00e1 sus operaciones con cuatro aerol\u00edneas, tres nacionales y una venezolana.(Fuente:Exc\u00e9lsior)<\/p>\n\n\n\n<figure class=\"wp-block-image size-large\"><img loading=\"lazy\" decoding=\"async\" width=\"1024\" height=\"768\" src=\"http:\/\/vertienteglobal.com\/wp-content\/uploads\/2022\/03\/20220321_115909.jpg\" alt=\"\" class=\"wp-image-200142\" srcset=\"http:\/\/vertienteglobal.com\/wp-content\/uploads\/2022\/03\/20220321_115909.jpg 1024w, http:\/\/vertienteglobal.com\/wp-content\/uploads\/2022\/03\/20220321_115909-300x225.jpg 300w, http:\/\/vertienteglobal.com\/wp-content\/uploads\/2022\/03\/20220321_115909-150x113.jpg 150w, http:\/\/vertienteglobal.com\/wp-content\/uploads\/2022\/03\/20220321_115909-768x576.jpg 768w\" sizes=\"auto, (max-width: 1024px) 100vw, 1024px\" \/><\/figure>\n","protected":false},"excerpt":{"rendered":"<p>(Redacci\u00f3n) L\u00f3pez Obrador encabezar\u00e1 su tradicional conferencia matutina en el AIFA a las 07:00 horas. Posteriormente, a las 11:00 horas, se prev\u00e9 la ceremonia de inauguraci\u00f3n de esta obra que comenzar\u00e1 sus operaciones con cuatro aerol\u00edneas, tres nacionales y una venezolana Ciudad de M\u00e9xico 21 de marzo de 2922.-La ma\u00f1ana de este lunes, el presidente [&hellip;]<\/p>\n","protected":false},"author":1,"featured_media":200141,"comment_status":"open","ping_status":"open","sticky":false,"template":"","format":"standard","meta":{"footnotes":""},"categories":[8],"tags":[],"class_list":["post-200137","post","type-post","status-publish","format-standard","has-post-thumbnail","hentry","category-pais","entry","has-media"],"jetpack_featured_media_url":"http:\/\/vertienteglobal.com\/wp-content\/uploads\/2022\/03\/20220321_115854.jpg","_links":{"self":[{"href":"http:\/\/vertienteglobal.com\/index.php?rest_route=\/wp\/v2\/posts\/200137","targetHints":{"allow":["GET"]}}],"collection":[{"href":"http:\/\/vertienteglobal.com\/index.php?rest_route=\/wp\/v2\/posts"}],"about":[{"href":"http:\/\/vertienteglobal.com\/index.php?rest_route=\/wp\/v2\/types\/post"}],"author":[{"embeddable":true,"href":"http:\/\/vertienteglobal.com\/index.php?rest_route=\/wp\/v2\/users\/1"}],"replies":[{"embeddable":true,"href":"http:\/\/vertienteglobal.com\/index.php?rest_route=%2Fwp%2Fv2%2Fcomments&post=200137"}],"version-history":[{"count":0,"href":"http:\/\/vertienteglobal.com\/index.php?rest_route=\/wp\/v2\/posts\/200137\/revisions"}],"wp:featuredmedia":[{"embeddable":true,"href":"http:\/\/vertienteglobal.com\/index.php?rest_route=\/wp\/v2\/media\/200141"}],"wp:attachment":[{"href":"http:\/\/vertienteglobal.com\/index.php?rest_route=%2Fwp%2Fv2%2Fmedia&parent=200137"}],"wp:term":[{"taxonomy":"category","embeddable":true,"href":"http:\/\/vertienteglobal.com\/index.php?rest_route=%2Fwp%2Fv2%2Fcategories&post=200137"},{"taxonomy":"post_tag","embeddable":true,"href":"http:\/\/vertienteglobal.com\/index.php?rest_route=%2Fwp%2Fv2%2Ftags&post=200137"}],"curies":[{"name":"wp","href":"https:\/\/api.w.org\/{rel}","templated":true}]}}