{"id":200113,"date":"2022-03-20T19:51:43","date_gmt":"2022-03-21T01:51:43","guid":{"rendered":"http:\/\/vertienteglobal.com\/?p=200113"},"modified":"2022-03-21T06:30:55","modified_gmt":"2022-03-21T12:30:55","slug":"en-quintana-roo-el-uso-del-cubrebocas-en-espacios-abiertos-sera-voluntario-carlos-joaquin","status":"publish","type":"post","link":"http:\/\/vertienteglobal.com\/?p=200113","title":{"rendered":"En Quintana Roo el uso del cubrebocas en espacios abiertos ser\u00e1 voluntario: Carlos Joaqu\u00edn"},"content":{"rendered":"\n<div class=\"twitterbutton\" style=\"float: right; padding-left: 5px;\"><a href=\"http:\/\/twitter.com\/share\" class=\"twitter-share-button\" data-count=\"horizontal\" data-text=\"En Quintana Roo el uso del cubrebocas en espacios abiertos ser\u00e1 voluntario: Car...\" data-via=\"https:\/\/twitter.com\/VertienteGloba1\" data-url=\"http:\/\/vertienteglobal.com\/?p=200113\" data-lang=\"es\" data-related=\"Informaci\u00f3n general:S\u00edguenos para que est\u00e9ss informado\"><\/a><\/div>\n<figure class=\"wp-block-image size-large\"><img loading=\"lazy\" decoding=\"async\" width=\"1024\" height=\"632\" src=\"http:\/\/vertienteglobal.com\/wp-content\/uploads\/2022\/03\/172184.jpg\" alt=\"\" class=\"wp-image-200114\" srcset=\"http:\/\/vertienteglobal.com\/wp-content\/uploads\/2022\/03\/172184.jpg 1024w, http:\/\/vertienteglobal.com\/wp-content\/uploads\/2022\/03\/172184-300x185.jpg 300w, http:\/\/vertienteglobal.com\/wp-content\/uploads\/2022\/03\/172184-150x93.jpg 150w, http:\/\/vertienteglobal.com\/wp-content\/uploads\/2022\/03\/172184-768x474.jpg 768w\" sizes=\"auto, (max-width: 1024px) 100vw, 1024px\" \/><\/figure>\n\n\n\n<p>(Redacci\u00f3n)<\/p>\n\n\n\n<p>El mandatario comparti\u00f3 un mensaje en el aclar\u00f3 que el uso del mismo continuar\u00e1 siendo obligatorio en espacios cerrados o sitios con aglomeraciones<\/p>\n\n\n\n<p>Canc\u00fan, Quintana Roo, a  20 de marzo de 2022.-El gobernador de Quintana Roo, Carlos Joaqu\u00edn, anunci\u00f3 este d\u00eda el uso voluntario del cubrebocas en espacios abiertos o al aire libre a partir del martes 22 de marzo, sin embargo, dijo que la medida no es definitiva y permanecer\u00e1n atentos al comportamiento del covid durante la Semana Santa.<\/p>\n\n\n\n<p>A trav\u00e9s de su cuenta de Twitter, el mandatario comparti\u00f3 un mensaje en el aclar\u00f3 que el uso del mismo continuar\u00e1 siendo obligatorio en espacios cerrados o sitios con aglomeraciones.<\/p>\n\n\n\n<p>&#8216;No ser\u00e1 obligatorio portar el cubrebocas cuando salgas a ejercitarte, cuando est\u00e9s en la playa o cuando camines por la calle. Sin embargo, s\u00ed ser\u00e1 necesario y obligatorio a bordo del transporte p\u00fablico, en espacios cerrados como: oficinas, supermercados, bancos&#8217;, dijo.<\/p>\n\n\n\n<p>Asimismo, a\u00f1adi\u00f3 que las personas que brindan atenci\u00f3n al p\u00fablico en restaurantes, hoteles, personal educativo y de servicios y personal m\u00e9dico deben usar el cubrebocas mientras se encuentren en servicio.<\/p>\n\n\n\n<figure class=\"wp-block-embed-twitter wp-block-embed is-type-rich is-provider-twitter\"><div class=\"wp-block-embed__wrapper\">\n<div class=\"oceanwp-oembed-wrap clr\"><blockquote class=\"twitter-tweet\" data-width=\"550\" data-dnt=\"true\"><p lang=\"es\" dir=\"ltr\">Anuncio con gusto que a partir del martes 22 de marzo el uso del cubrebocas en <a href=\"https:\/\/twitter.com\/hashtag\/QuintanaRoo?src=hash&amp;ref_src=twsrc%5Etfw\">#QuintanaRoo<\/a> ser\u00e1 voluntario en espacios abiertos o al aire libre, sin embargo ser\u00e1 necesario en espacios cerrados y en lugares con aglomeraciones. <a href=\"https:\/\/t.co\/xmvCH88eAG\">pic.twitter.com\/xmvCH88eAG<\/a><\/p>&mdash; Carlos Joaqu\u00edn (@CarlosJoaquin) <a href=\"https:\/\/twitter.com\/CarlosJoaquin\/status\/1505712907920850950?ref_src=twsrc%5Etfw\">March 21, 2022<\/a><\/blockquote><script async src=\"https:\/\/platform.twitter.com\/widgets.js\" charset=\"utf-8\"><\/script><\/div>\n<\/div><\/figure>\n","protected":false},"excerpt":{"rendered":"<p>(Redacci\u00f3n) El mandatario comparti\u00f3 un mensaje en el aclar\u00f3 que el uso del mismo continuar\u00e1 siendo obligatorio en espacios cerrados o sitios con aglomeraciones Canc\u00fan, Quintana Roo, a 20 de marzo de 2022.-El gobernador de Quintana Roo, Carlos Joaqu\u00edn, anunci\u00f3 este d\u00eda el uso voluntario del cubrebocas en espacios abiertos o al aire libre a [&hellip;]<\/p>\n","protected":false},"author":1,"featured_media":200114,"comment_status":"open","ping_status":"open","sticky":false,"template":"","format":"standard","meta":{"footnotes":""},"categories":[3],"tags":[],"class_list":["post-200113","post","type-post","status-publish","format-standard","has-post-thumbnail","hentry","category-quintana-roo","entry","has-media"],"jetpack_featured_media_url":"http:\/\/vertienteglobal.com\/wp-content\/uploads\/2022\/03\/172184.jpg","_links":{"self":[{"href":"http:\/\/vertienteglobal.com\/index.php?rest_route=\/wp\/v2\/posts\/200113","targetHints":{"allow":["GET"]}}],"collection":[{"href":"http:\/\/vertienteglobal.com\/index.php?rest_route=\/wp\/v2\/posts"}],"about":[{"href":"http:\/\/vertienteglobal.com\/index.php?rest_route=\/wp\/v2\/types\/post"}],"author":[{"embeddable":true,"href":"http:\/\/vertienteglobal.com\/index.php?rest_route=\/wp\/v2\/users\/1"}],"replies":[{"embeddable":true,"href":"http:\/\/vertienteglobal.com\/index.php?rest_route=%2Fwp%2Fv2%2Fcomments&post=200113"}],"version-history":[{"count":0,"href":"http:\/\/vertienteglobal.com\/index.php?rest_route=\/wp\/v2\/posts\/200113\/revisions"}],"wp:featuredmedia":[{"embeddable":true,"href":"http:\/\/vertienteglobal.com\/index.php?rest_route=\/wp\/v2\/media\/200114"}],"wp:attachment":[{"href":"http:\/\/vertienteglobal.com\/index.php?rest_route=%2Fwp%2Fv2%2Fmedia&parent=200113"}],"wp:term":[{"taxonomy":"category","embeddable":true,"href":"http:\/\/vertienteglobal.com\/index.php?rest_route=%2Fwp%2Fv2%2Fcategories&post=200113"},{"taxonomy":"post_tag","embeddable":true,"href":"http:\/\/vertienteglobal.com\/index.php?rest_route=%2Fwp%2Fv2%2Ftags&post=200113"}],"curies":[{"name":"wp","href":"https:\/\/api.w.org\/{rel}","templated":true}]}}