{"id":200110,"date":"2022-03-19T17:24:15","date_gmt":"2022-03-19T23:24:15","guid":{"rendered":"http:\/\/vertienteglobal.com\/?p=200110"},"modified":"2022-03-21T06:22:27","modified_gmt":"2022-03-21T12:22:27","slug":"el-sueldo-de-la-gente-no-se-toca-cecilia-patron","status":"publish","type":"post","link":"http:\/\/vertienteglobal.com\/?p=200110","title":{"rendered":"El sueldo de la gente no se toca: Cecilia Patr\u00f3n"},"content":{"rendered":"\n<div class=\"twitterbutton\" style=\"float: right; padding-left: 5px;\"><a href=\"http:\/\/twitter.com\/share\" class=\"twitter-share-button\" data-count=\"horizontal\" data-text=\"El sueldo de la gente no se toca: Cecilia Patr\u00f3n\" data-via=\"https:\/\/twitter.com\/VertienteGloba1\" data-url=\"http:\/\/vertienteglobal.com\/?p=200110\" data-lang=\"es\" data-related=\"Informaci\u00f3n general:S\u00edguenos para que est\u00e9ss informado\"><\/a><\/div>\n<figure class=\"wp-block-image size-large\"><img loading=\"lazy\" decoding=\"async\" width=\"660\" height=\"330\" src=\"http:\/\/vertienteglobal.com\/wp-content\/uploads\/2022\/03\/WhatsApp-Image-2022-03-19-at-12.02.06-PM-e1647740706945-660x330-1.jpeg\" alt=\"\" class=\"wp-image-200111\" srcset=\"http:\/\/vertienteglobal.com\/wp-content\/uploads\/2022\/03\/WhatsApp-Image-2022-03-19-at-12.02.06-PM-e1647740706945-660x330-1.jpeg 660w, http:\/\/vertienteglobal.com\/wp-content\/uploads\/2022\/03\/WhatsApp-Image-2022-03-19-at-12.02.06-PM-e1647740706945-660x330-1-300x150.jpeg 300w, http:\/\/vertienteglobal.com\/wp-content\/uploads\/2022\/03\/WhatsApp-Image-2022-03-19-at-12.02.06-PM-e1647740706945-660x330-1-150x75.jpeg 150w\" sizes=\"auto, (max-width: 660px) 100vw, 660px\" \/><\/figure>\n\n\n\n<p>(Redacci\u00f3n)<\/p>\n\n\n\n<p>Acci\u00f3n Nacional vot\u00f3 en contra de la Cobranza Delegada, es decir, que los bancos puedan descontar pagos directos de la n\u00f3mina<\/p>\n\n\n\n<p>No dejaremos que Morena y sus aliados dispongan del salario de las personas trabajadoras, manejando el dinero que no es suyo: Cecilia Patr\u00f3n<\/p>\n\n\n\n<p>Ciudad de M\u00e9xico, 19 de marzo de 2022.- Tras la discusi\u00f3n del Dictamen de la Comisi\u00f3n de Hacienda para reformar las leyes General de T\u00edtulos y Operaciones de Cr\u00e9dito, General de Organizaciones y Actividades Auxiliares del Cr\u00e9dito, y de Protecci\u00f3n y Defensa al Usuario de Servicios Financieros en el Pleno de la C\u00e1mara de Diputados, la Diputada Federal Cecilia Patr\u00f3n advirti\u00f3 que, con esta medida, se atenta contra el ingreso familiar de los trabajadores.<\/p>\n\n\n\n<p>Advirti\u00f3 que con esta propuesta de la bancada de Morena, se busca regular los cr\u00e9ditos de n\u00f3mina con cobranza delegada, lo que dar\u00eda a los bancos la posibilidad de descontar pagos directos de la n\u00f3mina de las y los trabajadores.<\/p>\n\n\n\n<p>La tambi\u00e9n Secretaria General del Partido Acci\u00f3n Nacional, se pronunci\u00f3 en contra de este dictamen, ya que lo considera un riesgo para el pa\u00eds y para la n\u00f3mina de los trabajadores y por ende, de las familias mexicanas: \u201cComo integrante de la Comisi\u00f3n de Hacienda y Cr\u00e9dito P\u00fablico vot\u00e9 en contra del dictamen de cobranza delegada en su discusi\u00f3n, tanto en Comisi\u00f3n como en el pleno, porque contraviene el bienestar de las familias mexicanas, de sus bolsillos y de sus ingresos econ\u00f3micos. Lo que aprobaron hoy los empleados del presidente es una bofetada m\u00e1s a M\u00e9xico\u201d denunci\u00f3 la Diputada yucateca.<\/p>\n\n\n\n<p>La Diputada tambi\u00e9n advirti\u00f3, a nombre de Acci\u00f3n Nacional, que con la cobranza delegada, el patr\u00f3n ser\u00eda el cobrador de los bancos al descontar directamente a los trabajadores el cr\u00e9dito correspondiente, antes de que cobren su salario.<\/p>\n\n\n\n<p>\u201c\u00bfQui\u00e9n va a defender a las y los trabajadores ante estos desfalcos?, claramente Morena y la 4T no, pero tengan por seguro que nosotros en Acci\u00f3n Nacional, s\u00ed lo haremos. Esto es algo que no se puede quedar as\u00ed\u201d advirti\u00f3.<\/p>\n\n\n\n<p>La Diputada aprovech\u00f3 para se\u00f1alar que una vez m\u00e1s, Morena hace una regresi\u00f3n, y ahora, al mism\u00edsimo estilo de las tiendas de raya, buscan legalizar los descuentos a los pr\u00e9stamos de n\u00f3mina que solicitan las y los trabajadores. S\u00f3lo esto nos faltaba, parece un gobierno de chiste.<\/p>\n\n\n\n<p>\u201cEste gobierno nos minti\u00f3 a todas y todos los mexicanos. Nos prometi\u00f3 bienestar, pero lo que no nos dijo fue que el bienestar era s\u00f3lo para ellos, para los cuates de la 4T. La n\u00f3mina no se toca, vamos a luchar para que no se viole el derecho de los trabajadores para disponer de su salario libremente. Es su dinero y en Acci\u00f3n Nacional no vamos a permitir que este Gobierno maneje el fruto de su trabajo y el sustento de sus familias\u201d finaliz\u00f3.<\/p>\n","protected":false},"excerpt":{"rendered":"<p>(Redacci\u00f3n) Acci\u00f3n Nacional vot\u00f3 en contra de la Cobranza Delegada, es decir, que los bancos puedan descontar pagos directos de la n\u00f3mina No dejaremos que Morena y sus aliados dispongan del salario de las personas trabajadoras, manejando el dinero que no es suyo: Cecilia Patr\u00f3n Ciudad de M\u00e9xico, 19 de marzo de 2022.- Tras la [&hellip;]<\/p>\n","protected":false},"author":1,"featured_media":200111,"comment_status":"open","ping_status":"open","sticky":false,"template":"","format":"standard","meta":{"footnotes":""},"categories":[8,2],"tags":[],"class_list":["post-200110","post","type-post","status-publish","format-standard","has-post-thumbnail","hentry","category-pais","category-yucatan","entry","has-media"],"jetpack_featured_media_url":"http:\/\/vertienteglobal.com\/wp-content\/uploads\/2022\/03\/WhatsApp-Image-2022-03-19-at-12.02.06-PM-e1647740706945-660x330-1.jpeg","_links":{"self":[{"href":"http:\/\/vertienteglobal.com\/index.php?rest_route=\/wp\/v2\/posts\/200110","targetHints":{"allow":["GET"]}}],"collection":[{"href":"http:\/\/vertienteglobal.com\/index.php?rest_route=\/wp\/v2\/posts"}],"about":[{"href":"http:\/\/vertienteglobal.com\/index.php?rest_route=\/wp\/v2\/types\/post"}],"author":[{"embeddable":true,"href":"http:\/\/vertienteglobal.com\/index.php?rest_route=\/wp\/v2\/users\/1"}],"replies":[{"embeddable":true,"href":"http:\/\/vertienteglobal.com\/index.php?rest_route=%2Fwp%2Fv2%2Fcomments&post=200110"}],"version-history":[{"count":0,"href":"http:\/\/vertienteglobal.com\/index.php?rest_route=\/wp\/v2\/posts\/200110\/revisions"}],"wp:featuredmedia":[{"embeddable":true,"href":"http:\/\/vertienteglobal.com\/index.php?rest_route=\/wp\/v2\/media\/200111"}],"wp:attachment":[{"href":"http:\/\/vertienteglobal.com\/index.php?rest_route=%2Fwp%2Fv2%2Fmedia&parent=200110"}],"wp:term":[{"taxonomy":"category","embeddable":true,"href":"http:\/\/vertienteglobal.com\/index.php?rest_route=%2Fwp%2Fv2%2Fcategories&post=200110"},{"taxonomy":"post_tag","embeddable":true,"href":"http:\/\/vertienteglobal.com\/index.php?rest_route=%2Fwp%2Fv2%2Ftags&post=200110"}],"curies":[{"name":"wp","href":"https:\/\/api.w.org\/{rel}","templated":true}]}}