{"id":200073,"date":"2022-03-18T14:39:00","date_gmt":"2022-03-18T20:39:00","guid":{"rendered":"http:\/\/vertienteglobal.com\/?p=200073"},"modified":"2022-03-20T12:41:35","modified_gmt":"2022-03-20T18:41:35","slug":"amlo-en-desacuerdo-con-reforma-que-permite-a-bancos-cobrar-creditos-a-traves-de-nomina-de-trabajadores","status":"publish","type":"post","link":"http:\/\/vertienteglobal.com\/?p=200073","title":{"rendered":"AMLO en desacuerdo con reforma que permite a bancos cobrar cr\u00e9ditos a trav\u00e9s de n\u00f3mina de trabajadores"},"content":{"rendered":"\n<div class=\"twitterbutton\" style=\"float: right; padding-left: 5px;\"><a href=\"http:\/\/twitter.com\/share\" class=\"twitter-share-button\" data-count=\"horizontal\" data-text=\"AMLO en desacuerdo con reforma que permite a bancos cobrar cr\u00e9ditos a trav\u00e9s d...\" data-via=\"https:\/\/twitter.com\/VertienteGloba1\" data-url=\"http:\/\/vertienteglobal.com\/?p=200073\" data-lang=\"es\" data-related=\"Informaci\u00f3n general:S\u00edguenos para que est\u00e9ss informado\"><\/a><\/div>\n<figure class=\"wp-block-image size-large\"><img loading=\"lazy\" decoding=\"async\" width=\"660\" height=\"330\" src=\"http:\/\/vertienteglobal.com\/wp-content\/uploads\/2022\/03\/billetes-de-200-pesos-660x330-1.jpg\" alt=\"\" class=\"wp-image-200074\" srcset=\"http:\/\/vertienteglobal.com\/wp-content\/uploads\/2022\/03\/billetes-de-200-pesos-660x330-1.jpg 660w, http:\/\/vertienteglobal.com\/wp-content\/uploads\/2022\/03\/billetes-de-200-pesos-660x330-1-300x150.jpg 300w, http:\/\/vertienteglobal.com\/wp-content\/uploads\/2022\/03\/billetes-de-200-pesos-660x330-1-150x75.jpg 150w\" sizes=\"auto, (max-width: 660px) 100vw, 660px\" \/><\/figure>\n\n\n\n<p>(Redacci\u00f3n)<\/p>\n\n\n\n<p><em><strong>AMLO se\u00f1al\u00f3 que no debe embargarse el salario de los trabajadores bajo ninguna circunstancia<\/strong><\/em><\/p>\n\n\n\n<p>Ciudad de M\u00e9xico 18 de marzo de 2022.- El presidente, Andr\u00e9s Manuel L\u00f3pez Obrador (AMLO), dijo estar en desacuerdo con la reforma que permite a los bancos cobrar cr\u00e9ditos a trav\u00e9s de la n\u00f3mina de los trabajadores.<\/p>\n\n\n\n<p>En su conferencia ma\u00f1anera desde el estado de Veracruz, AMLO se\u00f1al\u00f3 que esta iniciativa de ley se aprob\u00f3 en la C\u00e1mara de Diputados con cambios, por lo que regres\u00f3 al Senado.<\/p>\n\n\n\n<p>L\u00f3pez Obrador dijo que no debe embargarse el salario de los trabajadores bajo ninguna circunstancia.<\/p>\n\n\n\n<p>\u201cEl salario es sagrado, es lo que permite el sustento de la familia y no se puede utilizar la n\u00f3mina del trabajador, ninguna instituci\u00f3n financiera ni el gobierno debe de prestarse a eso\u201d, refiri\u00f3.<\/p>\n\n\n\n<p>Record\u00f3 que en las pasadas administraciones muchas veces era costumbre que no se le\u00eda bien las iniciativas.<\/p>\n\n\n\n<p>El Presidente de M\u00e9xico dese\u00f3 que los senadores revisen bien la iniciativa porque, dijo, hay tiempo.<\/p>\n\n\n\n<p>\u201cNo creo que nadie consciente, un legislador apruebe eso\u201d, sentenci\u00f3.<\/p>\n\n\n\n<p>Finalmente, dijo que era \u201crespetuoso\u201d del Poder Legislativo, aunque afirm\u00f3 que, de aprobarse, \u00e9l mismo buscar\u00eda vetar la ley.<\/p>\n\n\n\n<p>Este jueves 17 de marzo, la C\u00e1mara de Diputados aprob\u00f3 con cambios, en lo general y en lo particular, el dictamen a la minuta que regula los Cr\u00e9ditos de N\u00f3mina con Cobranza Delegada.<\/p>\n\n\n\n<p>Y la devolvi\u00f3 al Senado para su debate y posible aprobaci\u00f3n.<\/p>\n\n\n\n<p>El documento, que adiciona diversas disposiciones a las leyes General de T\u00edtulos y Operaciones de Cr\u00e9dito, General de Organizaciones y Actividades Auxiliares del Cr\u00e9dito y de Protecci\u00f3n y Defensa al Usuario de Servicios Financieros, fue avalado en lo particular por 227 votos a favor, 210 en contra y 7 abstenciones.<\/p>\n\n\n\n<p>Esta iniciativa de ley ha causado controversia porque permite que los bancos cobren pagos directamente del salario de los empleados, el cu\u00e1l ser\u00e1 retenido por el patr\u00f3n.<\/p>\n\n\n\n<p>La reforma contempla la retenci\u00f3n de hasta el 40% del salario l\u00edquido del trabajador por parte del patr\u00f3n.(Fuente: Noticieros Televisa)<\/p>\n","protected":false},"excerpt":{"rendered":"<p>(Redacci\u00f3n) AMLO se\u00f1al\u00f3 que no debe embargarse el salario de los trabajadores bajo ninguna circunstancia Ciudad de M\u00e9xico 18 de marzo de 2022.- El presidente, Andr\u00e9s Manuel L\u00f3pez Obrador (AMLO), dijo estar en desacuerdo con la reforma que permite a los bancos cobrar cr\u00e9ditos a trav\u00e9s de la n\u00f3mina de los trabajadores. En su conferencia [&hellip;]<\/p>\n","protected":false},"author":1,"featured_media":200074,"comment_status":"open","ping_status":"open","sticky":false,"template":"","format":"standard","meta":{"footnotes":""},"categories":[8],"tags":[],"class_list":["post-200073","post","type-post","status-publish","format-standard","has-post-thumbnail","hentry","category-pais","entry","has-media"],"jetpack_featured_media_url":"http:\/\/vertienteglobal.com\/wp-content\/uploads\/2022\/03\/billetes-de-200-pesos-660x330-1.jpg","_links":{"self":[{"href":"http:\/\/vertienteglobal.com\/index.php?rest_route=\/wp\/v2\/posts\/200073","targetHints":{"allow":["GET"]}}],"collection":[{"href":"http:\/\/vertienteglobal.com\/index.php?rest_route=\/wp\/v2\/posts"}],"about":[{"href":"http:\/\/vertienteglobal.com\/index.php?rest_route=\/wp\/v2\/types\/post"}],"author":[{"embeddable":true,"href":"http:\/\/vertienteglobal.com\/index.php?rest_route=\/wp\/v2\/users\/1"}],"replies":[{"embeddable":true,"href":"http:\/\/vertienteglobal.com\/index.php?rest_route=%2Fwp%2Fv2%2Fcomments&post=200073"}],"version-history":[{"count":0,"href":"http:\/\/vertienteglobal.com\/index.php?rest_route=\/wp\/v2\/posts\/200073\/revisions"}],"wp:featuredmedia":[{"embeddable":true,"href":"http:\/\/vertienteglobal.com\/index.php?rest_route=\/wp\/v2\/media\/200074"}],"wp:attachment":[{"href":"http:\/\/vertienteglobal.com\/index.php?rest_route=%2Fwp%2Fv2%2Fmedia&parent=200073"}],"wp:term":[{"taxonomy":"category","embeddable":true,"href":"http:\/\/vertienteglobal.com\/index.php?rest_route=%2Fwp%2Fv2%2Fcategories&post=200073"},{"taxonomy":"post_tag","embeddable":true,"href":"http:\/\/vertienteglobal.com\/index.php?rest_route=%2Fwp%2Fv2%2Ftags&post=200073"}],"curies":[{"name":"wp","href":"https:\/\/api.w.org\/{rel}","templated":true}]}}