{"id":200001,"date":"2022-03-16T21:50:00","date_gmt":"2022-03-17T03:50:00","guid":{"rendered":"http:\/\/vertienteglobal.com\/?p=200001"},"modified":"2022-03-16T21:44:58","modified_gmt":"2022-03-17T03:44:58","slug":"netflix-empieza-con-cobro-extra-a-usuarios-que-comparten-sus-cuentas","status":"publish","type":"post","link":"http:\/\/vertienteglobal.com\/?p=200001","title":{"rendered":"Netflix empieza con cobro extra a usuarios que comparten sus cuentas"},"content":{"rendered":"\n<div class=\"twitterbutton\" style=\"float: right; padding-left: 5px;\"><a href=\"http:\/\/twitter.com\/share\" class=\"twitter-share-button\" data-count=\"horizontal\" data-text=\"Netflix empieza con cobro extra a usuarios que comparten sus cuentas\" data-via=\"https:\/\/twitter.com\/VertienteGloba1\" data-url=\"http:\/\/vertienteglobal.com\/?p=200001\" data-lang=\"es\" data-related=\"Informaci\u00f3n general:S\u00edguenos para que est\u00e9ss informado\"><\/a><\/div>\n<figure class=\"wp-block-image size-large\"><img loading=\"lazy\" decoding=\"async\" width=\"1024\" height=\"576\" src=\"http:\/\/vertienteglobal.com\/wp-content\/uploads\/2022\/03\/171842.jpg\" alt=\"\" class=\"wp-image-200002\" srcset=\"http:\/\/vertienteglobal.com\/wp-content\/uploads\/2022\/03\/171842.jpg 1024w, http:\/\/vertienteglobal.com\/wp-content\/uploads\/2022\/03\/171842-300x169.jpg 300w, http:\/\/vertienteglobal.com\/wp-content\/uploads\/2022\/03\/171842-150x84.jpg 150w, http:\/\/vertienteglobal.com\/wp-content\/uploads\/2022\/03\/171842-768x432.jpg 768w\" sizes=\"auto, (max-width: 1024px) 100vw, 1024px\" \/><\/figure>\n\n\n\n<p>(Redacci\u00f3n)<\/p>\n\n\n\n<p>La primera opci\u00f3n ser\u00e1 agregar un miembro adicional, con lo que los suscriptores de los planes \u00abEst\u00e1ndar y Premium podr\u00e1n agregar subcuentas para hasta dos personas con las que no viven, cada una con su propio perfil, recomendaciones personalizadas, nombre de usuario y contrase\u00f1a, a un precio m\u00e1s bajo\u00bb<\/p>\n\n\n\n<p>Ciudad de M\u00e9xico 16 de marzo de 2022.-La plataforma Netflix comenz\u00f3 un plan para buscar que sus suscriptores dejen de compartir sus contrase\u00f1as de formas que no est\u00e1n previstas.<\/p>\n\n\n\n<p>Por lo anterior, la plataforma dio a conocer dos nuevas funciones para pa\u00edses en Latinoam\u00e9rica con el objetivo de que las cuentas no se compartan entre diferentes hogares y por lo tanto no e afecte su \u00abcapacidad de invertir en nuevos programas de televisi\u00f3n y pel\u00edculas\u00bb.<\/p>\n\n\n\n<p>La primera opci\u00f3n ser\u00e1 agregar un miembro adicional, con lo que los suscriptores de los planes \u00abEst\u00e1ndar y Premium podr\u00e1n agregar subcuentas para hasta dos personas con las que no viven, cada una con su propio perfil, recomendaciones personalizadas, nombre de usuario y contrase\u00f1a, a un precio m\u00e1s bajo\u00bb.<\/p>\n\n\n\n<p>Estos son los pa\u00edses y precios en los que estar\u00e1n disponibles como programa piloto:<\/p>\n\n\n\n<p>Chile 2 mil 380 CLP (61 MXN)<br>Costa Rica: 2.00 USD (61 MXN)<br>Per\u00fa: 7.9 PEN (43 MXN)<\/p>\n\n\n\n<p>La segunda opci\u00f3n ser\u00e1 la de transferir un perfil a una cuenta, donde los suscriptores de los servicios B\u00e1sico, Est\u00e1ndar y Premium podr\u00e1n transferir \u00abla informaci\u00f3n del perfil a una nueva cuenta o a una subcuenta de miembro adicional, manteniendo el historial de visualizaci\u00f3n\u00bb, as\u00ed como las personalizaciones y la Mi lista. \u00c9sta no tiene costo, o por lo menos no lo informaron en su comunicado.<\/p>\n\n\n\n<p>Por el momento, no tienen previsto implementar esta medida en pa\u00edses como M\u00e9xico y u otros territorios.(Fuente: Mielnio)<\/p>\n","protected":false},"excerpt":{"rendered":"<p>(Redacci\u00f3n) La primera opci\u00f3n ser\u00e1 agregar un miembro adicional, con lo que los suscriptores de los planes \u00abEst\u00e1ndar y Premium podr\u00e1n agregar subcuentas para hasta dos personas con las que no viven, cada una con su propio perfil, recomendaciones personalizadas, nombre de usuario y contrase\u00f1a, a un precio m\u00e1s bajo\u00bb Ciudad de M\u00e9xico 16 de [&hellip;]<\/p>\n","protected":false},"author":1,"featured_media":200002,"comment_status":"open","ping_status":"open","sticky":false,"template":"","format":"standard","meta":{"footnotes":""},"categories":[10,8],"tags":[],"class_list":["post-200001","post","type-post","status-publish","format-standard","has-post-thumbnail","hentry","category-espectaculos","category-pais","entry","has-media"],"jetpack_featured_media_url":"http:\/\/vertienteglobal.com\/wp-content\/uploads\/2022\/03\/171842.jpg","_links":{"self":[{"href":"http:\/\/vertienteglobal.com\/index.php?rest_route=\/wp\/v2\/posts\/200001","targetHints":{"allow":["GET"]}}],"collection":[{"href":"http:\/\/vertienteglobal.com\/index.php?rest_route=\/wp\/v2\/posts"}],"about":[{"href":"http:\/\/vertienteglobal.com\/index.php?rest_route=\/wp\/v2\/types\/post"}],"author":[{"embeddable":true,"href":"http:\/\/vertienteglobal.com\/index.php?rest_route=\/wp\/v2\/users\/1"}],"replies":[{"embeddable":true,"href":"http:\/\/vertienteglobal.com\/index.php?rest_route=%2Fwp%2Fv2%2Fcomments&post=200001"}],"version-history":[{"count":0,"href":"http:\/\/vertienteglobal.com\/index.php?rest_route=\/wp\/v2\/posts\/200001\/revisions"}],"wp:featuredmedia":[{"embeddable":true,"href":"http:\/\/vertienteglobal.com\/index.php?rest_route=\/wp\/v2\/media\/200002"}],"wp:attachment":[{"href":"http:\/\/vertienteglobal.com\/index.php?rest_route=%2Fwp%2Fv2%2Fmedia&parent=200001"}],"wp:term":[{"taxonomy":"category","embeddable":true,"href":"http:\/\/vertienteglobal.com\/index.php?rest_route=%2Fwp%2Fv2%2Fcategories&post=200001"},{"taxonomy":"post_tag","embeddable":true,"href":"http:\/\/vertienteglobal.com\/index.php?rest_route=%2Fwp%2Fv2%2Ftags&post=200001"}],"curies":[{"name":"wp","href":"https:\/\/api.w.org\/{rel}","templated":true}]}}