{"id":199925,"date":"2022-03-15T19:51:00","date_gmt":"2022-03-16T01:51:00","guid":{"rendered":"http:\/\/vertienteglobal.com\/?p=199925"},"modified":"2022-03-16T07:15:25","modified_gmt":"2022-03-16T13:15:25","slug":"el-gobernador-de-yucatan-mauricio-vila-asiste-a-importante-reunion-sobre-medio-ambiente-cambio-climatico-y-desarrollo-sustentable","status":"publish","type":"post","link":"http:\/\/vertienteglobal.com\/?p=199925","title":{"rendered":"El gobernador de Yucat\u00e1n, Mauricio Vila asiste a importante reuni\u00f3n sobre medio ambiente, cambio clim\u00e1tico y desarrollo sustentable"},"content":{"rendered":"\n<div class=\"twitterbutton\" style=\"float: right; padding-left: 5px;\"><a href=\"http:\/\/twitter.com\/share\" class=\"twitter-share-button\" data-count=\"horizontal\" data-text=\"El gobernador de Yucat\u00e1n, Mauricio Vila asiste a importante reuni\u00f3n sobre medi...\" data-via=\"https:\/\/twitter.com\/VertienteGloba1\" data-url=\"http:\/\/vertienteglobal.com\/?p=199925\" data-lang=\"es\" data-related=\"Informaci\u00f3n general:S\u00edguenos para que est\u00e9ss informado\"><\/a><\/div>\n<figure class=\"wp-block-image size-large\"><img loading=\"lazy\" decoding=\"async\" width=\"600\" height=\"330\" src=\"http:\/\/vertienteglobal.com\/wp-content\/uploads\/2022\/03\/MAURICIO-VILA-VIAJE-600x330-1.jpg\" alt=\"\" class=\"wp-image-199926\" srcset=\"http:\/\/vertienteglobal.com\/wp-content\/uploads\/2022\/03\/MAURICIO-VILA-VIAJE-600x330-1.jpg 600w, http:\/\/vertienteglobal.com\/wp-content\/uploads\/2022\/03\/MAURICIO-VILA-VIAJE-600x330-1-300x165.jpg 300w, http:\/\/vertienteglobal.com\/wp-content\/uploads\/2022\/03\/MAURICIO-VILA-VIAJE-600x330-1-150x83.jpg 150w\" sizes=\"auto, (max-width: 600px) 100vw, 600px\" \/><\/figure>\n\n\n\n<p>(Redacci\u00f3n)<\/p>\n\n\n\n<p><em><strong>El Gobernador participar\u00e1 en la 12\u00aa Reuni\u00f3n Anual del Grupo de Gobernadores Sobre Clima, Bosques y Selvas: \u201cBosques, Selvas, Sociedad y Econom\u00eda, nuevos modelos de desarrollo para el futuro del planeta\u201d<\/strong><\/em><\/p>\n\n\n\n<p>Vila Dosal ocupa la Vicepresidencia del Grupo de Trabajo de los Gobernadores para el Clima, Bosques y Selvas (GCF Task Force, por sus siglas en ingl\u00e9s)<\/p>\n\n\n\n<p>Manaos, Brasil, 15 de marzo de 2022.- Como parte del compromiso que asumi\u00f3 desde el inicio de su mandato, de trabajar en el cuidado del medio ambiente, el desarrollo sustentable y el cambio clim\u00e1tico, el Gobernador Mauricio Vila Dosal viaj\u00f3 a Manaos-Amazonas, en Brasil, para participar y representar a M\u00e9xico en la 12\u00aa Reuni\u00f3n Anual del Grupo de Gobernadores sobre Clima, Bosques y Selvas: \u201cBosques, Selvas, Sociedad y Econom\u00eda: Nuevos Modelos de Desarrollo para el Futuro del Planeta\u201d.<\/p>\n\n\n\n<p>Desde el a\u00f1o pasado el Gobernador Vila Dosal fue electo formalmente para la Vicepresidencia del Grupo de Trabajo de los Gobernadores para el Clima, Bosques y Selvas (GCF Task Force, por sus siglas en ingl\u00e9s), lo que ha hecho que participe, junto con el Presidente de GCF TF Global, Wilson Miranda Lima, Gobernador del estado de Amazonas, Brasil, en la implementaci\u00f3n de una serie de estrategias que llevan por nombre Plan de Acci\u00f3n de Manaos.<\/p>\n\n\n\n<p>Vila Dosal estar\u00e1 acompa\u00f1ado de Sayda Rodr\u00edguez G\u00f3mez, Secretaria de Desarrollo Sustentable (SDS) y los gastos de ambos, que incluyen vuelo, hospedaje, transporte y alimentos, estar\u00e1n a cargo del GCF, pues siendo el Gobernador Vila Vicepresidente del organismo su asistencia es importante.<\/p>\n\n\n\n<p>El Plan de Acci\u00f3n de Manaos es un documento cuyo resultado es un esfuerzo global para promover el desarrollo con bajas emisiones, reducir la deforestaci\u00f3n tropical y crear econom\u00edas basadas en los bosques y selvas, as\u00ed como proteger los derechos de los pueblos ind\u00edgenas y las comunidades locales en todos los estados miembros.<\/p>\n\n\n\n<p>El Gobernador estar\u00e1 en esta importante reuni\u00f3n los d\u00edas 16 y 17 de marzo. En total son 36 estados miembros de la RED GCF de 9 pa\u00edses; de M\u00e9xico son 7 estados miembros, los cuales ser\u00e1n representados por el Gobernador Vila Dosal, lo que demuestra y reafirma el liderazgo que ha ejercido en este tema.<\/p>\n\n\n\n<p>Tambi\u00e9n asistir\u00e1n todos los respectivos Secretarios de Medio Ambiente o a fines de los estados mexicanos. Adem\u00e1s de Yucat\u00e1n, los otros 6 estados mexicanos son: Chiapas, Campeche, Tabasco, Jalisco, Quintana Roo y Oaxaca.<\/p>\n\n\n\n<p>Hay que recordar que la selva maya es el segundo bosque tropical m\u00e1s grande de Am\u00e9rica, despu\u00e9s del Amazonas, con m\u00e1s de 20 ecosistemas diferentes; brinda refugio a grandes felinos, como el puma, margay, ocelote, jaguar y jaguarundi, as\u00ed como a innumerables especies raras y en peligro de extinci\u00f3n. Tambi\u00e9n, concentra el 30% de la biodiversidad, con las tasas m\u00e1s altas en el pa\u00eds, al representar el 21% del territorio nacional, por lo que resulta interesante proteger este importante pulm\u00f3n verde y convertir esto en oportunidades de empleo, cuidando el capital natural.<\/p>\n\n\n\n<p>Esta estrategia contempla canalizar 30 millones de d\u00f3lares entre los 7 estados, para los pr\u00f3ximos 5 a\u00f1os, bajo un enfoque de apoyo a las comunidades que realizan actividades sostenibles, y adopci\u00f3n o continuaci\u00f3n de conocimientos; adem\u00e1s, se atraer\u00e1n inversiones por 60 millones de d\u00f3lares de empresas o fundaciones, para desarrollar proyectos que brinden herramientas para ejercer pr\u00e1cticas verdes, en beneficio de unos 10,000 productores y cerca de 30,000 personas indirectas, con efecto multiplicador.<\/p>\n\n\n\n<p>En ese sentido, en febrero pasado el Gobernador Vila firm\u00f3 un acuerdo con la organizaci\u00f3n no gubernamental The Nature Conservancy (TNC) y la Agencia de los Estados Unidos para el Desarrollo Internacional (Usaid), cuyo prop\u00f3sito es implementar acciones para la conservaci\u00f3n y protecci\u00f3n de la Selva Maya, el segundo bosque tropical m\u00e1s grande del continente americano.<\/p>\n\n\n\n<p>Este acuerdo se impulsar\u00e1 dentro del Programa Comunidades Pr\u00f3speras y Sostenibles, el cual significa la uni\u00f3n de trabajo m\u00e1s grande que se ha realizado en esta materia y, como se ha dicho, cuenta con una bolsa de 30 millones de d\u00f3lares para el desarrollo de diversas acciones.<\/p>\n\n\n\n<p>Con respecto al encuentro en Amazonas, se reunir\u00e1n los gobernadores y funcionarios p\u00fablicos de los estados y provincias del Grupo de Trabajo del GCF, que en conjunto abarcan m\u00e1s de un tercio de los bosques tropicales y selvas del mundo, se reunir\u00e1n con l\u00edderes del sector privado, la sociedad civil, los pueblos ind\u00edgenas, comunidades locales, los gobiernos nacionales y organizaciones internacionales.<\/p>\n\n\n\n<p>Su objetivo es desarrollar estrategias y enfoques colaborativos para reducir la deforestaci\u00f3n en los estados y provincias con bosques tropicales y selvas, as\u00ed como reducir la pobreza, mejorar los medios de vida, asegurar los derechos y proteger las culturas, promover inversiones privadas y construir econom\u00edas basadas en bosques, selvas y bajas emisiones de carbono.<\/p>\n\n\n\n<p>En ese sentido, Vila Dosal participar\u00e1 en la Reuni\u00f3n Ejecutiva GCF Task Force en su calidad de Vicepresidente y tambi\u00e9n en la Reuni\u00f3n General en la que se presentar\u00e1 y se firmar\u00e1 el Plan de Acci\u00f3n de Manaos, del cual \u00e9l ha sido uno de sus principales impulsores.<\/p>\n\n\n\n<p>Hay que se\u00f1alar que, debido a la pandemia, la reuni\u00f3n anual presencial se vio interrumpida y ahora se retoma para relanzar los proyectos que han sido financiados por este organismo y otros similares y que tambi\u00e9n se realizan en Yucat\u00e1n en el desarrollo rural sustentable entre los que destacan el emprendimiento sustentable en milpa maya, la apicultura, los huertos de traspatio y los Pagos por Servicios Ambientales (PSA) Bioculturales e innovadores.<\/p>\n\n\n\n<p>El Gobernador Vila Dosal, como parte de las reuniones en las que participar\u00e1, gestionar\u00e1 tambi\u00e9n financiamiento para continuar con los proyectos que ya se vienen desarrollando y que han permitido el desarrollo sustentable en las comunidades rurales.<\/p>\n\n\n\n<p>Gracias a los proyectos promovidos y financiados por el GCF, se ha avanzado de manera firme en la elaboraci\u00f3n de estrategias que promueven el Desarrollo Rural de Bajas Emisiones (DRBE) a trav\u00e9s de las ventanas de financiamiento A y B que han movilizado recursos en el estado mayores a 1 mill\u00f3n de d\u00f3lares, para el logro de metas de reducci\u00f3n de emisiones causadas por la deforestaci\u00f3n y la degradaci\u00f3n forestal.<\/p>\n","protected":false},"excerpt":{"rendered":"<p>(Redacci\u00f3n) El Gobernador participar\u00e1 en la 12\u00aa Reuni\u00f3n Anual del Grupo de Gobernadores Sobre Clima, Bosques y Selvas: \u201cBosques, Selvas, Sociedad y Econom\u00eda, nuevos modelos de desarrollo para el futuro del planeta\u201d Vila Dosal ocupa la Vicepresidencia del Grupo de Trabajo de los Gobernadores para el Clima, Bosques y Selvas (GCF Task Force, por sus [&hellip;]<\/p>\n","protected":false},"author":1,"featured_media":199926,"comment_status":"open","ping_status":"open","sticky":false,"template":"","format":"standard","meta":{"footnotes":""},"categories":[2],"tags":[],"class_list":["post-199925","post","type-post","status-publish","format-standard","has-post-thumbnail","hentry","category-yucatan","entry","has-media"],"jetpack_featured_media_url":"http:\/\/vertienteglobal.com\/wp-content\/uploads\/2022\/03\/MAURICIO-VILA-VIAJE-600x330-1.jpg","_links":{"self":[{"href":"http:\/\/vertienteglobal.com\/index.php?rest_route=\/wp\/v2\/posts\/199925","targetHints":{"allow":["GET"]}}],"collection":[{"href":"http:\/\/vertienteglobal.com\/index.php?rest_route=\/wp\/v2\/posts"}],"about":[{"href":"http:\/\/vertienteglobal.com\/index.php?rest_route=\/wp\/v2\/types\/post"}],"author":[{"embeddable":true,"href":"http:\/\/vertienteglobal.com\/index.php?rest_route=\/wp\/v2\/users\/1"}],"replies":[{"embeddable":true,"href":"http:\/\/vertienteglobal.com\/index.php?rest_route=%2Fwp%2Fv2%2Fcomments&post=199925"}],"version-history":[{"count":0,"href":"http:\/\/vertienteglobal.com\/index.php?rest_route=\/wp\/v2\/posts\/199925\/revisions"}],"wp:featuredmedia":[{"embeddable":true,"href":"http:\/\/vertienteglobal.com\/index.php?rest_route=\/wp\/v2\/media\/199926"}],"wp:attachment":[{"href":"http:\/\/vertienteglobal.com\/index.php?rest_route=%2Fwp%2Fv2%2Fmedia&parent=199925"}],"wp:term":[{"taxonomy":"category","embeddable":true,"href":"http:\/\/vertienteglobal.com\/index.php?rest_route=%2Fwp%2Fv2%2Fcategories&post=199925"},{"taxonomy":"post_tag","embeddable":true,"href":"http:\/\/vertienteglobal.com\/index.php?rest_route=%2Fwp%2Fv2%2Ftags&post=199925"}],"curies":[{"name":"wp","href":"https:\/\/api.w.org\/{rel}","templated":true}]}}