{"id":199859,"date":"2022-03-14T08:51:00","date_gmt":"2022-03-14T14:51:00","guid":{"rendered":"http:\/\/vertienteglobal.com\/?p=199859"},"modified":"2022-03-14T14:42:41","modified_gmt":"2022-03-14T20:42:41","slug":"mexico-uno-de-los-paises-del-mundo-con-gasolina-mas-barata-profeco","status":"publish","type":"post","link":"http:\/\/vertienteglobal.com\/?p=199859","title":{"rendered":"M\u00e9xico, uno de los pa\u00edses del mundo con gasolina m\u00e1s barata: Profeco"},"content":{"rendered":"\n<div class=\"twitterbutton\" style=\"float: right; padding-left: 5px;\"><a href=\"http:\/\/twitter.com\/share\" class=\"twitter-share-button\" data-count=\"horizontal\" data-text=\"M\u00e9xico, uno de los pa\u00edses del mundo con gasolina m\u00e1s barata: Profeco\" data-via=\"https:\/\/twitter.com\/VertienteGloba1\" data-url=\"http:\/\/vertienteglobal.com\/?p=199859\" data-lang=\"es\" data-related=\"Informaci\u00f3n general:S\u00edguenos para que est\u00e9ss informado\"><\/a><\/div>\n<figure class=\"wp-block-image size-large\"><img loading=\"lazy\" decoding=\"async\" width=\"1024\" height=\"762\" src=\"http:\/\/vertienteglobal.com\/wp-content\/uploads\/2022\/03\/Conferencia_Presidente_7.28.45_AM__1_.jpeg\" alt=\"\" class=\"wp-image-199860\" srcset=\"http:\/\/vertienteglobal.com\/wp-content\/uploads\/2022\/03\/Conferencia_Presidente_7.28.45_AM__1_.jpeg 1024w, http:\/\/vertienteglobal.com\/wp-content\/uploads\/2022\/03\/Conferencia_Presidente_7.28.45_AM__1_-300x223.jpeg 300w, http:\/\/vertienteglobal.com\/wp-content\/uploads\/2022\/03\/Conferencia_Presidente_7.28.45_AM__1_-150x112.jpeg 150w, http:\/\/vertienteglobal.com\/wp-content\/uploads\/2022\/03\/Conferencia_Presidente_7.28.45_AM__1_-768x572.jpeg 768w\" sizes=\"auto, (max-width: 1024px) 100vw, 1024px\" \/><\/figure>\n\n\n\n<p>(Redacci\u00f3n)<\/p>\n\n\n\n<p>Ricardo Sheffield destac\u00f3 que la pol\u00edtica del gobierno de AMLO, en relaci\u00f3n a los combustibles, es un importante factor para mantener una inflaci\u00f3n baja<\/p>\n\n\n\n<p>Ciudad de M\u00e9xico 14 de marzo de 2022.- El titular de la Procuradur\u00eda Federal del Consumidor (Profeco), Ricardo Sheffiel, inform\u00f3 hoy, 14 de marzo de 2022, que M\u00e9xico es uno de los pa\u00edses del mundo en donde la gasolina es m\u00e1s barata.<\/p>\n\n\n\n<p>Enfatiz\u00f3 que la pol\u00edtica del gobierno del presidente Andr\u00e9s Manuel L\u00f3pez Obrador, en relaci\u00f3n a los combustibles, es un importante factor para mantener una inflaci\u00f3n baja y regular el mercado en condiciones adversas por la pandemia de COVID-19 y por la guerra en Ucrania.<\/p>\n\n\n\n<p>\u201cTenemos que M\u00e9xico es uno de los pa\u00edses que tiene el combustible m\u00e1s econ\u00f3mico en estos momentos para el p\u00fablico, para el consumidor, para el pueblo en general\u201d, dijo durante al conferencia ma\u00f1anera del presidente Andr\u00e9s Manuel L\u00f3pez Obrador (AMLO).<\/p>\n\n\n\n<p>Detall\u00f3 los precios por litro de la gasolina en otros pa\u00edses, convertido a pesos mexicanos.<\/p>\n\n\n\n<p>Alemania: 45.60<br>Francia: 43.82<br>Espa\u00f1a: 39.74<br>Estados Unidos: 32.62<br>Canad\u00e1: 30.96<br>China: 28.61<br>M\u00e9xico: 22.42<\/p>\n\n\n\n<p>El procurador explic\u00f3 que estos precios se refieren a la gasolina de bajo octanaje.<\/p>\n\n\n\n<p>Por su parte, el presidente L\u00f3pez Obrador se\u00f1al\u00f3 que se est\u00e1n reduciendo las importaciones de combustible y que a pesar de que aumenten los precios del crudo en el mundo, en M\u00e9xico se puede sostener el precio por encima de la inflaci\u00f3n y que no haya gasolinazos.<\/p>\n\n\n\n<p>\u201cSi mantenemos este precio de gasolina, de Di\u00e9sel, controlamos inflaci\u00f3n o no se nos desata, no se nos va de las manos\u201d, dijo.<\/p>\n","protected":false},"excerpt":{"rendered":"<p>(Redacci\u00f3n) Ricardo Sheffield destac\u00f3 que la pol\u00edtica del gobierno de AMLO, en relaci\u00f3n a los combustibles, es un importante factor para mantener una inflaci\u00f3n baja Ciudad de M\u00e9xico 14 de marzo de 2022.- El titular de la Procuradur\u00eda Federal del Consumidor (Profeco), Ricardo Sheffiel, inform\u00f3 hoy, 14 de marzo de 2022, que M\u00e9xico es uno [&hellip;]<\/p>\n","protected":false},"author":1,"featured_media":199860,"comment_status":"open","ping_status":"open","sticky":false,"template":"","format":"standard","meta":{"footnotes":""},"categories":[8],"tags":[],"class_list":["post-199859","post","type-post","status-publish","format-standard","has-post-thumbnail","hentry","category-pais","entry","has-media"],"jetpack_featured_media_url":"http:\/\/vertienteglobal.com\/wp-content\/uploads\/2022\/03\/Conferencia_Presidente_7.28.45_AM__1_.jpeg","_links":{"self":[{"href":"http:\/\/vertienteglobal.com\/index.php?rest_route=\/wp\/v2\/posts\/199859","targetHints":{"allow":["GET"]}}],"collection":[{"href":"http:\/\/vertienteglobal.com\/index.php?rest_route=\/wp\/v2\/posts"}],"about":[{"href":"http:\/\/vertienteglobal.com\/index.php?rest_route=\/wp\/v2\/types\/post"}],"author":[{"embeddable":true,"href":"http:\/\/vertienteglobal.com\/index.php?rest_route=\/wp\/v2\/users\/1"}],"replies":[{"embeddable":true,"href":"http:\/\/vertienteglobal.com\/index.php?rest_route=%2Fwp%2Fv2%2Fcomments&post=199859"}],"version-history":[{"count":0,"href":"http:\/\/vertienteglobal.com\/index.php?rest_route=\/wp\/v2\/posts\/199859\/revisions"}],"wp:featuredmedia":[{"embeddable":true,"href":"http:\/\/vertienteglobal.com\/index.php?rest_route=\/wp\/v2\/media\/199860"}],"wp:attachment":[{"href":"http:\/\/vertienteglobal.com\/index.php?rest_route=%2Fwp%2Fv2%2Fmedia&parent=199859"}],"wp:term":[{"taxonomy":"category","embeddable":true,"href":"http:\/\/vertienteglobal.com\/index.php?rest_route=%2Fwp%2Fv2%2Fcategories&post=199859"},{"taxonomy":"post_tag","embeddable":true,"href":"http:\/\/vertienteglobal.com\/index.php?rest_route=%2Fwp%2Fv2%2Ftags&post=199859"}],"curies":[{"name":"wp","href":"https:\/\/api.w.org\/{rel}","templated":true}]}}