{"id":199817,"date":"2022-03-13T10:51:00","date_gmt":"2022-03-13T16:51:00","guid":{"rendered":"http:\/\/vertienteglobal.com\/?p=199817"},"modified":"2022-03-13T23:16:36","modified_gmt":"2022-03-14T05:16:36","slug":"llega-amlo-a-dos-bocas-paraiso-para-supervisar-refineria-olmeca","status":"publish","type":"post","link":"http:\/\/vertienteglobal.com\/?p=199817","title":{"rendered":"Llega AMLO a Dos Bocas, Para\u00edso, para supervisar Refiner\u00eda Olmeca"},"content":{"rendered":"\n<div class=\"twitterbutton\" style=\"float: right; padding-left: 5px;\"><a href=\"http:\/\/twitter.com\/share\" class=\"twitter-share-button\" data-count=\"horizontal\" data-text=\"Llega AMLO a Dos Bocas, Para\u00edso, para supervisar Refiner\u00eda Olmeca\" data-via=\"https:\/\/twitter.com\/VertienteGloba1\" data-url=\"http:\/\/vertienteglobal.com\/?p=199817\" data-lang=\"es\" data-related=\"Informaci\u00f3n general:S\u00edguenos para que est\u00e9ss informado\"><\/a><\/div>\n<figure class=\"wp-block-image size-large\"><img loading=\"lazy\" decoding=\"async\" width=\"1024\" height=\"683\" src=\"http:\/\/vertienteglobal.com\/wp-content\/uploads\/2022\/03\/171525-1.jpg\" alt=\"\" class=\"wp-image-199818\" srcset=\"http:\/\/vertienteglobal.com\/wp-content\/uploads\/2022\/03\/171525-1.jpg 1024w, http:\/\/vertienteglobal.com\/wp-content\/uploads\/2022\/03\/171525-1-300x200.jpg 300w, http:\/\/vertienteglobal.com\/wp-content\/uploads\/2022\/03\/171525-1-150x100.jpg 150w, http:\/\/vertienteglobal.com\/wp-content\/uploads\/2022\/03\/171525-1-768x512.jpg 768w\" sizes=\"auto, (max-width: 1024px) 100vw, 1024px\" \/><\/figure>\n\n\n\n<p>(Redacci\u00f3n)<\/p>\n\n\n\n<p>Se\u00f1al\u00f3 que se encuentra en la entidad para recargar energ\u00edas<\/p>\n\n\n\n<p>Paraiso, Tabasco 13 de marzo de 2022.-Este domingo lleg\u00f3 el presidente de M\u00e9xico, Andr\u00e9s Manuel L\u00f3pez Obrador, a Dos Bocas, Para\u00edso, a fin de supervisar la refiner\u00eda Olmeca.<\/p>\n\n\n\n<p>Y es que el mandatario nacional fue recibido por ciudadanos que le entregaron cartas, curr\u00edculos y entre otros documentos.<\/p>\n\n\n\n<p>Previamente, estuvo instalado en un hotel de la ciudad de Villahermosa, donde se\u00f1al\u00f3 que se encuentra en la entidad para recargar energ\u00edas.<\/p>\n\n\n\n<p>Cabe destacar que L\u00f3pez Obrador est\u00e1 acompa\u00f1ado por el gobernador de Tabasco, Carlos Manuel Merino Campos la titular de la Secretar\u00eda de Energ\u00eda (Sener), Roc\u00edo Nahle Garc\u00eda.<\/p>\n","protected":false},"excerpt":{"rendered":"<p>(Redacci\u00f3n) Se\u00f1al\u00f3 que se encuentra en la entidad para recargar energ\u00edas Paraiso, Tabasco 13 de marzo de 2022.-Este domingo lleg\u00f3 el presidente de M\u00e9xico, Andr\u00e9s Manuel L\u00f3pez Obrador, a Dos Bocas, Para\u00edso, a fin de supervisar la refiner\u00eda Olmeca. Y es que el mandatario nacional fue recibido por ciudadanos que le entregaron cartas, curr\u00edculos y [&hellip;]<\/p>\n","protected":false},"author":1,"featured_media":199818,"comment_status":"open","ping_status":"open","sticky":false,"template":"","format":"standard","meta":{"footnotes":""},"categories":[5],"tags":[],"class_list":["post-199817","post","type-post","status-publish","format-standard","has-post-thumbnail","hentry","category-tabasco","entry","has-media"],"jetpack_featured_media_url":"http:\/\/vertienteglobal.com\/wp-content\/uploads\/2022\/03\/171525-1.jpg","_links":{"self":[{"href":"http:\/\/vertienteglobal.com\/index.php?rest_route=\/wp\/v2\/posts\/199817","targetHints":{"allow":["GET"]}}],"collection":[{"href":"http:\/\/vertienteglobal.com\/index.php?rest_route=\/wp\/v2\/posts"}],"about":[{"href":"http:\/\/vertienteglobal.com\/index.php?rest_route=\/wp\/v2\/types\/post"}],"author":[{"embeddable":true,"href":"http:\/\/vertienteglobal.com\/index.php?rest_route=\/wp\/v2\/users\/1"}],"replies":[{"embeddable":true,"href":"http:\/\/vertienteglobal.com\/index.php?rest_route=%2Fwp%2Fv2%2Fcomments&post=199817"}],"version-history":[{"count":0,"href":"http:\/\/vertienteglobal.com\/index.php?rest_route=\/wp\/v2\/posts\/199817\/revisions"}],"wp:featuredmedia":[{"embeddable":true,"href":"http:\/\/vertienteglobal.com\/index.php?rest_route=\/wp\/v2\/media\/199818"}],"wp:attachment":[{"href":"http:\/\/vertienteglobal.com\/index.php?rest_route=%2Fwp%2Fv2%2Fmedia&parent=199817"}],"wp:term":[{"taxonomy":"category","embeddable":true,"href":"http:\/\/vertienteglobal.com\/index.php?rest_route=%2Fwp%2Fv2%2Fcategories&post=199817"},{"taxonomy":"post_tag","embeddable":true,"href":"http:\/\/vertienteglobal.com\/index.php?rest_route=%2Fwp%2Fv2%2Ftags&post=199817"}],"curies":[{"name":"wp","href":"https:\/\/api.w.org\/{rel}","templated":true}]}}