{"id":199811,"date":"2022-03-13T18:52:00","date_gmt":"2022-03-14T00:52:00","guid":{"rendered":"http:\/\/vertienteglobal.com\/?p=199811"},"modified":"2022-03-13T23:07:36","modified_gmt":"2022-03-14T05:07:36","slug":"informa-procivy-sobre-otro-frente-frio-debil-con-lluvias-en-yucatan","status":"publish","type":"post","link":"http:\/\/vertienteglobal.com\/?p=199811","title":{"rendered":"Informa Procivy sobre otro frente fr\u00edo d\u00e9bil, con lluvias, en Yucat\u00e1n"},"content":{"rendered":"\n<div class=\"twitterbutton\" style=\"float: right; padding-left: 5px;\"><a href=\"http:\/\/twitter.com\/share\" class=\"twitter-share-button\" data-count=\"horizontal\" data-text=\"Informa Procivy sobre otro frente fr\u00edo d\u00e9bil, con lluvias, en Yucat\u00e1n\" data-via=\"https:\/\/twitter.com\/VertienteGloba1\" data-url=\"http:\/\/vertienteglobal.com\/?p=199811\" data-lang=\"es\" data-related=\"Informaci\u00f3n general:S\u00edguenos para que est\u00e9ss informado\"><\/a><\/div>\n<figure class=\"wp-block-image size-large\"><img loading=\"lazy\" decoding=\"async\" width=\"640\" height=\"330\" src=\"http:\/\/vertienteglobal.com\/wp-content\/uploads\/2022\/03\/El-Frente-Frio-Numero-21-originara-rachas-de-viento-de-60-a-80-kmh-640x330-1.jpg\" alt=\"\" class=\"wp-image-199812\" srcset=\"http:\/\/vertienteglobal.com\/wp-content\/uploads\/2022\/03\/El-Frente-Frio-Numero-21-originara-rachas-de-viento-de-60-a-80-kmh-640x330-1.jpg 640w, http:\/\/vertienteglobal.com\/wp-content\/uploads\/2022\/03\/El-Frente-Frio-Numero-21-originara-rachas-de-viento-de-60-a-80-kmh-640x330-1-300x155.jpg 300w, http:\/\/vertienteglobal.com\/wp-content\/uploads\/2022\/03\/El-Frente-Frio-Numero-21-originara-rachas-de-viento-de-60-a-80-kmh-640x330-1-150x77.jpg 150w\" sizes=\"auto, (max-width: 640px) 100vw, 640px\" \/><\/figure>\n\n\n\n<p>(Redacci\u00f3n)<\/p>\n\n\n\n<p><em>Las temperaturas bajar\u00e1n a entre 18 y 20 grados, en el interior, el martes y mi\u00e9rcoles<\/em><\/p>\n\n\n\n<p><em>Durante la semana, predominar\u00e1n registros c\u00e1lidos, de\u00a037 a 41, en los term\u00f3metros<\/em><\/p>\n\n\n\n<p><em>El titular de la dependencia, Enrique Alcocer Basto, llama a evitar exponerse al sol y golpes de calor<\/em><\/p>\n\n\n\n<p>M\u00e9rida, Yucat\u00e1n, 13 de marzo de 2022.- Un nuevo frente fr\u00edo influir\u00e1, durante la tarde y noche de este martes 15, hasta el mi\u00e9rcoles 16, y refrescar\u00e1 con registros en los term\u00f3metros similares a los de este fin de semana, m\u00ednimos de 18 a 20 grados Celsius, en el interior de la entidad, y de entre 20 y 22, en la zona costera, inform\u00f3 la Coordinaci\u00f3n Estatal de Protecci\u00f3n Civil (Procivy).<\/p>\n\n\n\n<p>El titular de la dependencia, Enrique Alcocer Basto, detall\u00f3 que el Centro de Monitoreo y Alertamiento prev\u00e9 altas temperaturas, a partir de este lunes 14, de 37 a 41, los cuales se mantendr\u00e1n durante esta semana, como parte de la temporada de est\u00edo, secas y quemas agr\u00edcolas, que se extiende hasta mayo.<\/p>\n\n\n\n<p>Sin embargo, por influencia del referido sistema, tanto martes como mi\u00e9rcoles, se espera vientos de 25 a 35 kil\u00f3metros por hora, en la mayor parte del territorio, y de 30 a 40, en el litoral, con olas de 1.5 a dos metros de altura; tambi\u00e9n, por influencia de una vaguada inducida, habr\u00e1 lluvias en el oriente, centro y sur del estado, as\u00ed como chubascos moderados, en el poniente.<\/p>\n\n\n\n<p>Adem\u00e1s, el funcionario mencion\u00f3 que continuar\u00e1n los remanentes de frentes fr\u00edos en la regi\u00f3n, con predominio de las ondas calientes, por lo que recomend\u00f3 a la poblaci\u00f3n no exponerse a los rayos del sol, evitar golpes de calor, hidratarse continuamente y mantenerse informada, a trav\u00e9s de los canales oficiales.<\/p>\n\n\n\n<p>Finalmente, puntualiz\u00f3 que las temperaturas m\u00e1ximas de la semana ser\u00e1n, el lunes, de 37 a 39; martes, entre 39 y 41; mi\u00e9rcoles, 32 a 36, y jueves, 36 a 39, y asegur\u00f3 que estos contrastes de refrescamiento, ligados con altas temperaturas y precipitaciones, son propios de las transiciones de una estaci\u00f3n a otra.<\/p>\n","protected":false},"excerpt":{"rendered":"<p>(Redacci\u00f3n) Las temperaturas bajar\u00e1n a entre 18 y 20 grados, en el interior, el martes y mi\u00e9rcoles Durante la semana, predominar\u00e1n registros c\u00e1lidos, de\u00a037 a 41, en los term\u00f3metros El titular de la dependencia, Enrique Alcocer Basto, llama a evitar exponerse al sol y golpes de calor M\u00e9rida, Yucat\u00e1n, 13 de marzo de 2022.- Un [&hellip;]<\/p>\n","protected":false},"author":1,"featured_media":199812,"comment_status":"open","ping_status":"open","sticky":false,"template":"","format":"standard","meta":{"footnotes":""},"categories":[2],"tags":[],"class_list":["post-199811","post","type-post","status-publish","format-standard","has-post-thumbnail","hentry","category-yucatan","entry","has-media"],"jetpack_featured_media_url":"http:\/\/vertienteglobal.com\/wp-content\/uploads\/2022\/03\/El-Frente-Frio-Numero-21-originara-rachas-de-viento-de-60-a-80-kmh-640x330-1.jpg","_links":{"self":[{"href":"http:\/\/vertienteglobal.com\/index.php?rest_route=\/wp\/v2\/posts\/199811","targetHints":{"allow":["GET"]}}],"collection":[{"href":"http:\/\/vertienteglobal.com\/index.php?rest_route=\/wp\/v2\/posts"}],"about":[{"href":"http:\/\/vertienteglobal.com\/index.php?rest_route=\/wp\/v2\/types\/post"}],"author":[{"embeddable":true,"href":"http:\/\/vertienteglobal.com\/index.php?rest_route=\/wp\/v2\/users\/1"}],"replies":[{"embeddable":true,"href":"http:\/\/vertienteglobal.com\/index.php?rest_route=%2Fwp%2Fv2%2Fcomments&post=199811"}],"version-history":[{"count":0,"href":"http:\/\/vertienteglobal.com\/index.php?rest_route=\/wp\/v2\/posts\/199811\/revisions"}],"wp:featuredmedia":[{"embeddable":true,"href":"http:\/\/vertienteglobal.com\/index.php?rest_route=\/wp\/v2\/media\/199812"}],"wp:attachment":[{"href":"http:\/\/vertienteglobal.com\/index.php?rest_route=%2Fwp%2Fv2%2Fmedia&parent=199811"}],"wp:term":[{"taxonomy":"category","embeddable":true,"href":"http:\/\/vertienteglobal.com\/index.php?rest_route=%2Fwp%2Fv2%2Fcategories&post=199811"},{"taxonomy":"post_tag","embeddable":true,"href":"http:\/\/vertienteglobal.com\/index.php?rest_route=%2Fwp%2Fv2%2Ftags&post=199811"}],"curies":[{"name":"wp","href":"https:\/\/api.w.org\/{rel}","templated":true}]}}