{"id":199738,"date":"2022-03-10T08:51:00","date_gmt":"2022-03-10T14:51:00","guid":{"rendered":"http:\/\/vertienteglobal.com\/?p=199738"},"modified":"2022-03-10T18:04:06","modified_gmt":"2022-03-11T00:04:06","slug":"por-excedentes-petroleros-no-aumenta-el-precio-de-la-gasolina-y-el-diesel-amlo","status":"publish","type":"post","link":"http:\/\/vertienteglobal.com\/?p=199738","title":{"rendered":"Por excedentes petroleros no aumenta el precio de la gasolina y el Di\u00e9sel: AMLO"},"content":{"rendered":"\n<div class=\"twitterbutton\" style=\"float: right; padding-left: 5px;\"><a href=\"http:\/\/twitter.com\/share\" class=\"twitter-share-button\" data-count=\"horizontal\" data-text=\"Por excedentes petroleros no aumenta el precio de la gasolina y el Di\u00e9sel: AMLO\" data-via=\"https:\/\/twitter.com\/VertienteGloba1\" data-url=\"http:\/\/vertienteglobal.com\/?p=199738\" data-lang=\"es\" data-related=\"Informaci\u00f3n general:S\u00edguenos para que est\u00e9ss informado\"><\/a><\/div>\n<figure class=\"wp-block-image size-large\"><img loading=\"lazy\" decoding=\"async\" width=\"1024\" height=\"683\" src=\"http:\/\/vertienteglobal.com\/wp-content\/uploads\/2022\/03\/171276.jpg\" alt=\"\" class=\"wp-image-199739\" srcset=\"http:\/\/vertienteglobal.com\/wp-content\/uploads\/2022\/03\/171276.jpg 1024w, http:\/\/vertienteglobal.com\/wp-content\/uploads\/2022\/03\/171276-300x200.jpg 300w, http:\/\/vertienteglobal.com\/wp-content\/uploads\/2022\/03\/171276-150x100.jpg 150w, http:\/\/vertienteglobal.com\/wp-content\/uploads\/2022\/03\/171276-768x512.jpg 768w\" sizes=\"auto, (max-width: 1024px) 100vw, 1024px\" \/><\/figure>\n\n\n\n<p>(Antonio Rivera)<\/p>\n\n\n\n<p>L\u00f3pez Obrador aclar\u00f3 que \u00abno hay motivo de preocupaci\u00f3n, vamos a tener el precio de los combustibles, porque se ha actuado bien con esta nueva pol\u00edtica\u00bb<\/p>\n\n\n\n<p>Ciudad de M\u00e9xico 10 de marzo de 2022.-El presidente Andr\u00e9s Manuel L\u00f3pez Obrador afirm\u00f3 que los excedentes por la venta de petr\u00f3leo derivados de la invasi\u00f3n de Rusia a Ucrania permiten subsidiar la gasolina y el di\u00e9sel para que no incrementen los costos de las gstolinas en el pa\u00eds.<\/p>\n\n\n\n<p>Y es que en la conferencia de prensa de este jueves, el primer mandatario detall\u00f3 que el costo del barril de petr\u00f3leo ya alcanza los 100 d\u00f3lares, cuando se estim\u00f3 un precio m\u00e1s bajo en el presupuesto.<\/p>\n\n\n\n<p>Detall\u00f3: \u00abEl crudo ya rebasa los 100 d\u00f3lares por barril, y nosotros estamos exportando crudo, y esto nos est\u00e1 generando un excedente, y ese excedente nos permite transferir o aplicar un subsidio para que no aumente los precios de las gasolinas y del di\u00e9sel\u00bb.<\/p>\n\n\n\n<p>Reafirm\u00f3 que en M\u00e9xico los costos de los combustibles y de la energ\u00eda el\u00e9ctrica no aumentar\u00e1n, pese a que en otras naciones s\u00ed hay incrementos.<\/p>\n\n\n\n<p>L\u00f3pez Obrador aclar\u00f3 que \u00abno hay motivo de preocupaci\u00f3n, vamos a tener el precio de los combustibles, porque se ha actuado bien con esta nueva pol\u00edtica\u00bb.<\/p>\n","protected":false},"excerpt":{"rendered":"<p>(Antonio Rivera) L\u00f3pez Obrador aclar\u00f3 que \u00abno hay motivo de preocupaci\u00f3n, vamos a tener el precio de los combustibles, porque se ha actuado bien con esta nueva pol\u00edtica\u00bb Ciudad de M\u00e9xico 10 de marzo de 2022.-El presidente Andr\u00e9s Manuel L\u00f3pez Obrador afirm\u00f3 que los excedentes por la venta de petr\u00f3leo derivados de la invasi\u00f3n de [&hellip;]<\/p>\n","protected":false},"author":1,"featured_media":199739,"comment_status":"open","ping_status":"open","sticky":false,"template":"","format":"standard","meta":{"footnotes":""},"categories":[8],"tags":[],"class_list":["post-199738","post","type-post","status-publish","format-standard","has-post-thumbnail","hentry","category-pais","entry","has-media"],"jetpack_featured_media_url":"http:\/\/vertienteglobal.com\/wp-content\/uploads\/2022\/03\/171276.jpg","_links":{"self":[{"href":"http:\/\/vertienteglobal.com\/index.php?rest_route=\/wp\/v2\/posts\/199738","targetHints":{"allow":["GET"]}}],"collection":[{"href":"http:\/\/vertienteglobal.com\/index.php?rest_route=\/wp\/v2\/posts"}],"about":[{"href":"http:\/\/vertienteglobal.com\/index.php?rest_route=\/wp\/v2\/types\/post"}],"author":[{"embeddable":true,"href":"http:\/\/vertienteglobal.com\/index.php?rest_route=\/wp\/v2\/users\/1"}],"replies":[{"embeddable":true,"href":"http:\/\/vertienteglobal.com\/index.php?rest_route=%2Fwp%2Fv2%2Fcomments&post=199738"}],"version-history":[{"count":0,"href":"http:\/\/vertienteglobal.com\/index.php?rest_route=\/wp\/v2\/posts\/199738\/revisions"}],"wp:featuredmedia":[{"embeddable":true,"href":"http:\/\/vertienteglobal.com\/index.php?rest_route=\/wp\/v2\/media\/199739"}],"wp:attachment":[{"href":"http:\/\/vertienteglobal.com\/index.php?rest_route=%2Fwp%2Fv2%2Fmedia&parent=199738"}],"wp:term":[{"taxonomy":"category","embeddable":true,"href":"http:\/\/vertienteglobal.com\/index.php?rest_route=%2Fwp%2Fv2%2Fcategories&post=199738"},{"taxonomy":"post_tag","embeddable":true,"href":"http:\/\/vertienteglobal.com\/index.php?rest_route=%2Fwp%2Fv2%2Ftags&post=199738"}],"curies":[{"name":"wp","href":"https:\/\/api.w.org\/{rel}","templated":true}]}}