{"id":199727,"date":"2022-03-09T11:51:00","date_gmt":"2022-03-09T17:51:00","guid":{"rendered":"http:\/\/vertienteglobal.com\/?p=199727"},"modified":"2022-03-10T11:24:28","modified_gmt":"2022-03-10T17:24:28","slug":"pandemia-de-covid-19-podria-prolongarse-aun-mas-alerta-onu","status":"publish","type":"post","link":"http:\/\/vertienteglobal.com\/?p=199727","title":{"rendered":"Pandemia de Covid 19 podr\u00eda prolongarse a\u00fan m\u00e1s, alerta ONU"},"content":{"rendered":"\n<div class=\"twitterbutton\" style=\"float: right; padding-left: 5px;\"><a href=\"http:\/\/twitter.com\/share\" class=\"twitter-share-button\" data-count=\"horizontal\" data-text=\"Pandemia de Covid 19 podr\u00eda prolongarse a\u00fan m\u00e1s, alerta ONU\" data-via=\"https:\/\/twitter.com\/VertienteGloba1\" data-url=\"http:\/\/vertienteglobal.com\/?p=199727\" data-lang=\"es\" data-related=\"Informaci\u00f3n general:S\u00edguenos para que est\u00e9ss informado\"><\/a><\/div>\n<figure class=\"wp-block-image size-large\"><img loading=\"lazy\" decoding=\"async\" width=\"660\" height=\"330\" src=\"http:\/\/vertienteglobal.com\/wp-content\/uploads\/2022\/03\/2725718-660x330-1.jpg\" alt=\"\" class=\"wp-image-199728\" srcset=\"http:\/\/vertienteglobal.com\/wp-content\/uploads\/2022\/03\/2725718-660x330-1.jpg 660w, http:\/\/vertienteglobal.com\/wp-content\/uploads\/2022\/03\/2725718-660x330-1-300x150.jpg 300w, http:\/\/vertienteglobal.com\/wp-content\/uploads\/2022\/03\/2725718-660x330-1-150x75.jpg 150w\" sizes=\"auto, (max-width: 660px) 100vw, 660px\" \/><\/figure>\n\n\n\n<p>(Redacci\u00f3n)<\/p>\n\n\n\n<p><em><strong>Al cumplirse el segundo aniversario de la declaraci\u00f3n de pandemia, el jefe de Naciones Unidas, Antonio Gueterres, lament\u00f3 el fracaso mundial en la distribuci\u00f3n equitativa de vacunas anticovid<\/strong><\/em><\/p>\n\n\n\n<p>Ciudad de M\u00e9xico a 09 de marzo de 2022.-La pandemia de covid-19 no ha terminado y podr\u00eda prolongarse a\u00fan m\u00e1s debido a la \u201cescandalosamente desigual\u201d distribuci\u00f3n de vacunas, advirti\u00f3 este mi\u00e9rcoles el secretario general de la ONU, Antonio Guterres.<\/p>\n\n\n\n<p>Los estragos m\u00e1s tr\u00e1gicos de la pandemia han sido en la salud y las vidas de millones de personas, con m\u00e1s de 446 millones de casos en el mundo, m\u00e1s de seis millones de muertes confirmadas y otro grupo incontable que lidia con un deterioro de su salud mental\u201d, evalu\u00f3 Guterres en un comunicado.<\/p>\n\n\n\n<p>El mensaje del jefe de la ONU coincide con el segundo aniversario del inicio de esta grave crisis sanitaria mundial.<\/p>\n\n\n\n<p>Guterres subray\u00f3 que debido a las \u201cmedidas de salud p\u00fablica sin precedentes\u201d y el \u201cextraordinariamente r\u00e1pido desarrollo y distribuci\u00f3n de vacunas\u201d muchas partes del mundo han podido controlar el esparcimiento del coronavirus.<\/p>\n\n\n\n<p>Fracaso y desigualdad<\/p>\n\n\n\n<p>Pero ser\u00eda un grave error pensar que la pandemia ha terminado\u201d, advirti\u00f3.<\/p>\n\n\n\n<p>Para Guterres, \u201cla distribuci\u00f3n de vacunas es todav\u00eda escandalosamente desigual\u201d, y aunque mil 500 millones de dosis se producen cada mes, \u201ccerca de 3 mil millones de personas a\u00fan est\u00e1n esperando su primera dosis\u201d.<\/p>\n\n\n\n<p>Este fracaso es el resultado directo de decisiones pol\u00edticas y presupuestarias que priorizan la salud de las personas en los pa\u00edses ricos por encima de la salud de las personas en pa\u00edses pobres\u201d, critic\u00f3 Guterres.<\/p>\n\n\n\n<p>Esta desigualdad aumenta, seg\u00fan \u00e9l, las posibilidades de \u201cm\u00e1s variantes, m\u00e1s confinamientos y m\u00e1s dolor y sacrificios en cada pa\u00eds\u201d.<\/p>\n\n\n\n<p>El jefe de la ONU lanz\u00f3 un llamado al mundo para \u201cponer fin a este triste cap\u00edtulo en la historia de la humanidad de una vez por todas\u201d. (Fuente: Excelsior)<\/p>\n","protected":false},"excerpt":{"rendered":"<p>(Redacci\u00f3n) Al cumplirse el segundo aniversario de la declaraci\u00f3n de pandemia, el jefe de Naciones Unidas, Antonio Gueterres, lament\u00f3 el fracaso mundial en la distribuci\u00f3n equitativa de vacunas anticovid Ciudad de M\u00e9xico a 09 de marzo de 2022.-La pandemia de covid-19 no ha terminado y podr\u00eda prolongarse a\u00fan m\u00e1s debido a la \u201cescandalosamente desigual\u201d distribuci\u00f3n [&hellip;]<\/p>\n","protected":false},"author":1,"featured_media":199728,"comment_status":"open","ping_status":"open","sticky":false,"template":"","format":"standard","meta":{"footnotes":""},"categories":[8],"tags":[],"class_list":["post-199727","post","type-post","status-publish","format-standard","has-post-thumbnail","hentry","category-pais","entry","has-media"],"jetpack_featured_media_url":"http:\/\/vertienteglobal.com\/wp-content\/uploads\/2022\/03\/2725718-660x330-1.jpg","_links":{"self":[{"href":"http:\/\/vertienteglobal.com\/index.php?rest_route=\/wp\/v2\/posts\/199727","targetHints":{"allow":["GET"]}}],"collection":[{"href":"http:\/\/vertienteglobal.com\/index.php?rest_route=\/wp\/v2\/posts"}],"about":[{"href":"http:\/\/vertienteglobal.com\/index.php?rest_route=\/wp\/v2\/types\/post"}],"author":[{"embeddable":true,"href":"http:\/\/vertienteglobal.com\/index.php?rest_route=\/wp\/v2\/users\/1"}],"replies":[{"embeddable":true,"href":"http:\/\/vertienteglobal.com\/index.php?rest_route=%2Fwp%2Fv2%2Fcomments&post=199727"}],"version-history":[{"count":0,"href":"http:\/\/vertienteglobal.com\/index.php?rest_route=\/wp\/v2\/posts\/199727\/revisions"}],"wp:featuredmedia":[{"embeddable":true,"href":"http:\/\/vertienteglobal.com\/index.php?rest_route=\/wp\/v2\/media\/199728"}],"wp:attachment":[{"href":"http:\/\/vertienteglobal.com\/index.php?rest_route=%2Fwp%2Fv2%2Fmedia&parent=199727"}],"wp:term":[{"taxonomy":"category","embeddable":true,"href":"http:\/\/vertienteglobal.com\/index.php?rest_route=%2Fwp%2Fv2%2Fcategories&post=199727"},{"taxonomy":"post_tag","embeddable":true,"href":"http:\/\/vertienteglobal.com\/index.php?rest_route=%2Fwp%2Fv2%2Ftags&post=199727"}],"curies":[{"name":"wp","href":"https:\/\/api.w.org\/{rel}","templated":true}]}}