{"id":199702,"date":"2022-03-08T19:35:06","date_gmt":"2022-03-09T01:35:06","guid":{"rendered":"http:\/\/vertienteglobal.com\/?p=199702"},"modified":"2022-03-08T19:35:06","modified_gmt":"2022-03-09T01:35:06","slug":"reportan-fallas-en-el-servicio-de-spotify","status":"publish","type":"post","link":"http:\/\/vertienteglobal.com\/?p=199702","title":{"rendered":"Reportan fallas en el servicio de Spotify"},"content":{"rendered":"\n<div class=\"twitterbutton\" style=\"float: right; padding-left: 5px;\"><a href=\"http:\/\/twitter.com\/share\" class=\"twitter-share-button\" data-count=\"horizontal\" data-text=\"Reportan fallas en el servicio de Spotify\" data-via=\"https:\/\/twitter.com\/VertienteGloba1\" data-url=\"http:\/\/vertienteglobal.com\/?p=199702\" data-lang=\"es\" data-related=\"Informaci\u00f3n general:S\u00edguenos para que est\u00e9ss informado\"><\/a><\/div>\n<figure class=\"wp-block-image size-large\"><img loading=\"lazy\" decoding=\"async\" width=\"1024\" height=\"598\" src=\"http:\/\/vertienteglobal.com\/wp-content\/uploads\/2022\/03\/171085.jpg\" alt=\"\" class=\"wp-image-199703\" srcset=\"http:\/\/vertienteglobal.com\/wp-content\/uploads\/2022\/03\/171085.jpg 1024w, http:\/\/vertienteglobal.com\/wp-content\/uploads\/2022\/03\/171085-300x175.jpg 300w, http:\/\/vertienteglobal.com\/wp-content\/uploads\/2022\/03\/171085-150x88.jpg 150w, http:\/\/vertienteglobal.com\/wp-content\/uploads\/2022\/03\/171085-768x449.jpg 768w\" sizes=\"auto, (max-width: 1024px) 100vw, 1024px\" \/><\/figure>\n\n\n\n<p>(Redacci\u00f3n)<\/p>\n\n\n\n<p>Ciudad de M\u00e9xico 08 de marzo de 2022.-Al medio d\u00eda de este martes, internautas reportaron problemas para reporducir m\u00fasica o podcast en Spotify.<\/p>\n\n\n\n<p>De acuerdo con la p\u00e1gina Downdetector, usuarios de Spotify comenzaron a detectar problemas en el servicio despu\u00e9s de las 12:00 horas.<\/p>\n\n\n\n<p>Por su parte, la plataforma de streaming confirm\u00f3 las fallas en su cuenta de Twitter.<\/p>\n\n\n\n<p>\u00abAlgo no est\u00e1 del todo bien y lo estamos investigando. \u00a1Gracias por tus informes!\u00bb.<\/p>\n\n\n\n<p>Downdetector report\u00f3 que los problemas m\u00e1s comunicados con Spotify son el 60% al iniciar sesi\u00f3n, el 33% en la aplicaci\u00f3n y el 7% en el sitio web.(Fuente: ElUniversal)<\/p>\n","protected":false},"excerpt":{"rendered":"<p>(Redacci\u00f3n) Ciudad de M\u00e9xico 08 de marzo de 2022.-Al medio d\u00eda de este martes, internautas reportaron problemas para reporducir m\u00fasica o podcast en Spotify. De acuerdo con la p\u00e1gina Downdetector, usuarios de Spotify comenzaron a detectar problemas en el servicio despu\u00e9s de las 12:00 horas. Por su parte, la plataforma de streaming confirm\u00f3 las fallas [&hellip;]<\/p>\n","protected":false},"author":1,"featured_media":199703,"comment_status":"open","ping_status":"open","sticky":false,"template":"","format":"standard","meta":{"footnotes":""},"categories":[8],"tags":[],"class_list":["post-199702","post","type-post","status-publish","format-standard","has-post-thumbnail","hentry","category-pais","entry","has-media"],"jetpack_featured_media_url":"http:\/\/vertienteglobal.com\/wp-content\/uploads\/2022\/03\/171085.jpg","_links":{"self":[{"href":"http:\/\/vertienteglobal.com\/index.php?rest_route=\/wp\/v2\/posts\/199702","targetHints":{"allow":["GET"]}}],"collection":[{"href":"http:\/\/vertienteglobal.com\/index.php?rest_route=\/wp\/v2\/posts"}],"about":[{"href":"http:\/\/vertienteglobal.com\/index.php?rest_route=\/wp\/v2\/types\/post"}],"author":[{"embeddable":true,"href":"http:\/\/vertienteglobal.com\/index.php?rest_route=\/wp\/v2\/users\/1"}],"replies":[{"embeddable":true,"href":"http:\/\/vertienteglobal.com\/index.php?rest_route=%2Fwp%2Fv2%2Fcomments&post=199702"}],"version-history":[{"count":0,"href":"http:\/\/vertienteglobal.com\/index.php?rest_route=\/wp\/v2\/posts\/199702\/revisions"}],"wp:featuredmedia":[{"embeddable":true,"href":"http:\/\/vertienteglobal.com\/index.php?rest_route=\/wp\/v2\/media\/199703"}],"wp:attachment":[{"href":"http:\/\/vertienteglobal.com\/index.php?rest_route=%2Fwp%2Fv2%2Fmedia&parent=199702"}],"wp:term":[{"taxonomy":"category","embeddable":true,"href":"http:\/\/vertienteglobal.com\/index.php?rest_route=%2Fwp%2Fv2%2Fcategories&post=199702"},{"taxonomy":"post_tag","embeddable":true,"href":"http:\/\/vertienteglobal.com\/index.php?rest_route=%2Fwp%2Fv2%2Ftags&post=199702"}],"curies":[{"name":"wp","href":"https:\/\/api.w.org\/{rel}","templated":true}]}}