{"id":199694,"date":"2022-03-08T16:31:00","date_gmt":"2022-03-08T22:31:00","guid":{"rendered":"http:\/\/vertienteglobal.com\/?p=199694"},"modified":"2022-03-08T18:39:17","modified_gmt":"2022-03-09T00:39:17","slug":"pseudosambientalistas-y-asociaciones-pagados-por-empresarios-ecocidas-presentan-denuncias-contra-el-tren-maya-en-playa-del-carmen","status":"publish","type":"post","link":"http:\/\/vertienteglobal.com\/?p=199694","title":{"rendered":"Pseudosambientalistas y asociaciones pagados por empresarios ecocidas, presentan denuncias contra el Tren Maya en Playa del Carmen"},"content":{"rendered":"\n<div class=\"twitterbutton\" style=\"float: right; padding-left: 5px;\"><a href=\"http:\/\/twitter.com\/share\" class=\"twitter-share-button\" data-count=\"horizontal\" data-text=\"Pseudosambientalistas y asociaciones pagados por empresarios ecocidas, presentan...\" data-via=\"https:\/\/twitter.com\/VertienteGloba1\" data-url=\"http:\/\/vertienteglobal.com\/?p=199694\" data-lang=\"es\" data-related=\"Informaci\u00f3n general:S\u00edguenos para que est\u00e9ss informado\"><\/a><\/div>\n<figure class=\"wp-block-image size-large\"><img loading=\"lazy\" decoding=\"async\" width=\"640\" height=\"373\" src=\"http:\/\/vertienteglobal.com\/wp-content\/uploads\/2022\/03\/image.jpg\" alt=\"\" class=\"wp-image-199695\" srcset=\"http:\/\/vertienteglobal.com\/wp-content\/uploads\/2022\/03\/image.jpg 640w, http:\/\/vertienteglobal.com\/wp-content\/uploads\/2022\/03\/image-300x175.jpg 300w, http:\/\/vertienteglobal.com\/wp-content\/uploads\/2022\/03\/image-150x87.jpg 150w\" sizes=\"auto, (max-width: 640px) 100vw, 640px\" \/><\/figure>\n\n\n\n<p>(Redacci\u00f3n)<\/p>\n\n\n\n<p>La empresa Calica a destruido por 25 a\u00f1os la selva saqueando grava y material valioso, pero no se ha dicho nunca nada, ahora por el tren maya  salen a manifestarse<\/p>\n\n\n\n<p>Playa del Carmen, Solidaridad Quintana Roo a 08 de marzo de 2022.- Un grupo que se hacen llamar Pseudosambientalistas contratados por organizaciones civiles del municipio de Solidaridad presentaron las denuncias ante la Procuradur\u00eda Federal de Protecci\u00f3n al Ambiente (PROFEPA), por el da\u00f1o ambiental y ecol\u00f3gico ocasionado por las obras del megaproyecto denominado Tren Maya, en su tramo 5 tras el cambio de trazo.<\/p>\n\n\n\n<p>Y es que desde el pasado domingo que fueron contratados por empresarios socios del ex presidente Felipe Calder\u00f3n, protector de empresas saqueadores y depredadoras de terrenos en el municipio, son quienes hoy presentan las denuncias populares contra el Fondo Nacional de Fomento al Turismo (FONATUR) o quien resulte responsable, por.lo que se pide a la PROFEPA ejercer sus acciones de inspecci\u00f3n y verificaci\u00f3n en la zona afectada, por el desmonte sobre la selva maya hecho con maquinaria pesada, para llevar a cabo la obra del tramo 5, que comprende Playa del Carmen-Tulum.<\/p>\n\n\n\n<p>Pero de acuerdo a informaci\u00f3n dichas inspecciones y verificaciones deber\u00e1n de demostrar la existencia de las autorizaciones en materias de impacto ambiental y de cambio de uso de suelo en terrenos forestales emitidas por la SEMARNAT, que requiere el megaproyecto Tren Maya en su nuevo trazo 5, conforme a la normatividad ambiental federal aplicable.<\/p>\n\n\n\n<p>De acuerdo a sus informaciones el megaproyecto del Tren Maya necesita de estos estudios y autorizaciones de manera previa a las acciones de construcci\u00f3n, que demuestren la factibilidad t\u00e9cnica y ambiental del conjunto de obras y actividades, debido a la fragilidad del suelo y subsuelo k\u00e1rstico en la zona que sigue siendo deforestada.<\/p>\n\n\n\n<p>De no contar con dichos estudios, piden a la dependencia federal (PROFEPA) proceder a suspender las actividades y a clausurar las obras, as\u00ed como a iniciar el procedimiento administrativo y sancionar, ordenando las medidas de seguridad y urgente aplicaci\u00f3n para evitar la generaci\u00f3n de mayores impactos y da\u00f1os irreversibles, hasta proceder a la reparaci\u00f3n de los da\u00f1os ocasionados por el megaproyecto en el tramo ya mencionado.<br>Es necesario mencionar que el pasado 2 de marzo, este grupo de ciudadanos emiti\u00f3 un posicionamiento en el que se exhorta al Gobierno Federal, as\u00ed como a la FONATUR, que pare inmediatamente la tala masiva de selva maya ocasionada por el megaproyecto Tren Maya.<\/p>\n\n\n\n<p>Por ello y de acuerdo a su demanda en ese documento se estim\u00f3 la tala de m\u00e1s de 8 millones 736 mil \u00e1rboles nativos ante el cambio del nuevo trazo, afectando el habitad natural de la flora y la fauna de la regi\u00f3n, muchas de ellas en alguna categor\u00eda de protecci\u00f3n por la NOM-059-SEMARNAT-2010, como el Jaguar que est\u00e1 en peligro de extinci\u00f3n, as\u00ed como el impacto a los r\u00edos subterr\u00e1neos, el acu\u00edfero, bosque tropical, cenotes y cuevas de la entidad.<\/p>\n\n\n\n<p>Cabe destacar que en la demanda no se da a conocer quienes son los afectados, adem\u00e1s de los estudios que dict\u00e1minen se afecte a la naturaleza como se expresa por millones de \u00e1rboles, mientras que empresas como ABC de el rey del sascap, Eduardo Solis Preciat, apoyado por sus socios esta a punto de salir del arraigo domiciliario por explotar y destruir selvas del munickpio.<\/p>\n\n\n\n<figure class=\"wp-block-image size-large\"><img loading=\"lazy\" decoding=\"async\" width=\"589\" height=\"246\" src=\"http:\/\/vertienteglobal.com\/wp-content\/uploads\/2022\/03\/Screenshot_20220308-134212_Facebook2.jpg\" alt=\"\" class=\"wp-image-199696\" srcset=\"http:\/\/vertienteglobal.com\/wp-content\/uploads\/2022\/03\/Screenshot_20220308-134212_Facebook2.jpg 589w, http:\/\/vertienteglobal.com\/wp-content\/uploads\/2022\/03\/Screenshot_20220308-134212_Facebook2-300x125.jpg 300w, http:\/\/vertienteglobal.com\/wp-content\/uploads\/2022\/03\/Screenshot_20220308-134212_Facebook2-150x63.jpg 150w\" sizes=\"auto, (max-width: 589px) 100vw, 589px\" \/><\/figure>\n\n\n\n<figure class=\"wp-block-image size-large\"><img loading=\"lazy\" decoding=\"async\" width=\"640\" height=\"417\" src=\"http:\/\/vertienteglobal.com\/wp-content\/uploads\/2022\/03\/image-1.jpg\" alt=\"\" class=\"wp-image-199697\" srcset=\"http:\/\/vertienteglobal.com\/wp-content\/uploads\/2022\/03\/image-1.jpg 640w, http:\/\/vertienteglobal.com\/wp-content\/uploads\/2022\/03\/image-1-300x195.jpg 300w, http:\/\/vertienteglobal.com\/wp-content\/uploads\/2022\/03\/image-1-150x98.jpg 150w\" sizes=\"auto, (max-width: 640px) 100vw, 640px\" \/><\/figure>\n","protected":false},"excerpt":{"rendered":"<p>(Redacci\u00f3n) La empresa Calica a destruido por 25 a\u00f1os la selva saqueando grava y material valioso, pero no se ha dicho nunca nada, ahora por el tren maya salen a manifestarse Playa del Carmen, Solidaridad Quintana Roo a 08 de marzo de 2022.- Un grupo que se hacen llamar Pseudosambientalistas contratados por organizaciones civiles del [&hellip;]<\/p>\n","protected":false},"author":1,"featured_media":199695,"comment_status":"open","ping_status":"open","sticky":false,"template":"","format":"standard","meta":{"footnotes":""},"categories":[3],"tags":[],"class_list":["post-199694","post","type-post","status-publish","format-standard","has-post-thumbnail","hentry","category-quintana-roo","entry","has-media"],"jetpack_featured_media_url":"http:\/\/vertienteglobal.com\/wp-content\/uploads\/2022\/03\/image.jpg","_links":{"self":[{"href":"http:\/\/vertienteglobal.com\/index.php?rest_route=\/wp\/v2\/posts\/199694","targetHints":{"allow":["GET"]}}],"collection":[{"href":"http:\/\/vertienteglobal.com\/index.php?rest_route=\/wp\/v2\/posts"}],"about":[{"href":"http:\/\/vertienteglobal.com\/index.php?rest_route=\/wp\/v2\/types\/post"}],"author":[{"embeddable":true,"href":"http:\/\/vertienteglobal.com\/index.php?rest_route=\/wp\/v2\/users\/1"}],"replies":[{"embeddable":true,"href":"http:\/\/vertienteglobal.com\/index.php?rest_route=%2Fwp%2Fv2%2Fcomments&post=199694"}],"version-history":[{"count":0,"href":"http:\/\/vertienteglobal.com\/index.php?rest_route=\/wp\/v2\/posts\/199694\/revisions"}],"wp:featuredmedia":[{"embeddable":true,"href":"http:\/\/vertienteglobal.com\/index.php?rest_route=\/wp\/v2\/media\/199695"}],"wp:attachment":[{"href":"http:\/\/vertienteglobal.com\/index.php?rest_route=%2Fwp%2Fv2%2Fmedia&parent=199694"}],"wp:term":[{"taxonomy":"category","embeddable":true,"href":"http:\/\/vertienteglobal.com\/index.php?rest_route=%2Fwp%2Fv2%2Fcategories&post=199694"},{"taxonomy":"post_tag","embeddable":true,"href":"http:\/\/vertienteglobal.com\/index.php?rest_route=%2Fwp%2Fv2%2Ftags&post=199694"}],"curies":[{"name":"wp","href":"https:\/\/api.w.org\/{rel}","templated":true}]}}