{"id":199576,"date":"2022-03-07T10:52:00","date_gmt":"2022-03-07T16:52:00","guid":{"rendered":"http:\/\/vertienteglobal.com\/?p=199576"},"modified":"2022-03-07T12:38:17","modified_gmt":"2022-03-07T18:38:17","slug":"mujer-fallece-tras-practicarse-una-minilipo-en-culiacan-tenia-una-nina-de-8-anos","status":"publish","type":"post","link":"http:\/\/vertienteglobal.com\/?p=199576","title":{"rendered":"Mujer fallece tras practicarse una \u201cminilipo\u201d en Culiac\u00e1n; ten\u00eda una ni\u00f1a de 8 a\u00f1os"},"content":{"rendered":"\n<div class=\"twitterbutton\" style=\"float: right; padding-left: 5px;\"><a href=\"http:\/\/twitter.com\/share\" class=\"twitter-share-button\" data-count=\"horizontal\" data-text=\"Mujer fallece tras practicarse una \u201cminilipo\u201d en Culiac\u00e1n; ten\u00eda una ni\u00f1a...\" data-via=\"https:\/\/twitter.com\/VertienteGloba1\" data-url=\"http:\/\/vertienteglobal.com\/?p=199576\" data-lang=\"es\" data-related=\"Informaci\u00f3n general:S\u00edguenos para que est\u00e9ss informado\"><\/a><\/div>\n<figure class=\"wp-block-image size-large\"><img loading=\"lazy\" decoding=\"async\" width=\"660\" height=\"330\" src=\"http:\/\/vertienteglobal.com\/wp-content\/uploads\/2022\/03\/2022-03-05-19-37-660x330-1.jpg\" alt=\"\" class=\"wp-image-199577\" srcset=\"http:\/\/vertienteglobal.com\/wp-content\/uploads\/2022\/03\/2022-03-05-19-37-660x330-1.jpg 660w, http:\/\/vertienteglobal.com\/wp-content\/uploads\/2022\/03\/2022-03-05-19-37-660x330-1-300x150.jpg 300w, http:\/\/vertienteglobal.com\/wp-content\/uploads\/2022\/03\/2022-03-05-19-37-660x330-1-150x75.jpg 150w\" sizes=\"auto, (max-width: 660px) 100vw, 660px\" \/><\/figure>\n\n\n\n<p>(Redacci\u00f3n)<\/p>\n\n\n\n<p><em><strong>Paulina ten\u00eda 26 a\u00f1os y estaba por graduarse de Derecho<\/strong><\/em><\/p>\n\n\n\n<p>Culiacan, Sinaloa, 07 de marzo de 2022.-En Sinaloa, una mujer falleci\u00f3 tras practicarse una \u201cminilipo\u201d. Sus familiares afirman que muri\u00f3 por las complicaciones producidas por la intervenci\u00f3n est\u00e9tica.<\/p>\n\n\n\n<p>Paulina ten\u00eda 26 a\u00f1os, una hija de 8 a\u00f1os y estaba por graduarse de Derecho en la Universidad Aut\u00f3noma de Sinaloa (UAS). El pasado 3 de marzo falleci\u00f3 mientras era atendida en el Hospital Regional del Instituto Mexicano del Seguro Social (IMSS) en Culiac\u00e1n.<\/p>\n\n\n\n<p>La mujer fue ingresada con un severo dolor abdominal el pasado 11 de febrero. Tras internarla, los m\u00e9dicos descubrieron que ten\u00eda perforaciones en el p\u00e1ncreas y el intestino, as\u00ed como una fuerte infecci\u00f3n.<\/p>\n\n\n\n<p>Tan solo 36 horas antes, Paulina se hab\u00eda practicado una liposucci\u00f3n en una cl\u00ednica de belleza de Sinaloa. Hab\u00eda pagado 45 mil pesos por el tratamiento.<\/p>\n\n\n\n<p>Cuando sinti\u00f3 las primeras molestias, busc\u00f3 a la doctora que la atendi\u00f3, pero esta solo le habr\u00eda dado medicinas para el dolor, seg\u00fan declararon sus familiares.<\/p>\n\n\n\n<p>Tras ingresar a la cl\u00ednica del IMSS, permaneci\u00f3 internada durante 20 d\u00edas, hasta que finalmente falleci\u00f3 el 3 de marzo, v\u00edctima de un choque s\u00e9ptico.<\/p>\n\n\n\n<p>Paulina fue velada en la casa de sus familiares en la localidad de Eldorado, al sur de Culiac\u00e1n.<\/p>\n\n\n\n<p>Jos\u00e9 \u00c1ngel Angulo, t\u00edo de la fallecida, declar\u00f3 a L\u00ednea Directa que la familia tuvo contacto con la doctora que practic\u00f3 la liposucci\u00f3n. Tambi\u00e9n dijo que se habr\u00eda devuelto a la familia el monto pagado por la intervenci\u00f3n.<\/p>\n\n\n\n<p>La familia ya ha levantado una denuncia ante la Fiscal\u00eda General de Justicia de Sinaloa. (Fuente: Noticieros Televisa)<\/p>\n","protected":false},"excerpt":{"rendered":"<p>(Redacci\u00f3n) Paulina ten\u00eda 26 a\u00f1os y estaba por graduarse de Derecho Culiacan, Sinaloa, 07 de marzo de 2022.-En Sinaloa, una mujer falleci\u00f3 tras practicarse una \u201cminilipo\u201d. Sus familiares afirman que muri\u00f3 por las complicaciones producidas por la intervenci\u00f3n est\u00e9tica. Paulina ten\u00eda 26 a\u00f1os, una hija de 8 a\u00f1os y estaba por graduarse de Derecho en [&hellip;]<\/p>\n","protected":false},"author":1,"featured_media":199577,"comment_status":"open","ping_status":"open","sticky":false,"template":"","format":"standard","meta":{"footnotes":""},"categories":[8],"tags":[],"class_list":["post-199576","post","type-post","status-publish","format-standard","has-post-thumbnail","hentry","category-pais","entry","has-media"],"jetpack_featured_media_url":"http:\/\/vertienteglobal.com\/wp-content\/uploads\/2022\/03\/2022-03-05-19-37-660x330-1.jpg","_links":{"self":[{"href":"http:\/\/vertienteglobal.com\/index.php?rest_route=\/wp\/v2\/posts\/199576","targetHints":{"allow":["GET"]}}],"collection":[{"href":"http:\/\/vertienteglobal.com\/index.php?rest_route=\/wp\/v2\/posts"}],"about":[{"href":"http:\/\/vertienteglobal.com\/index.php?rest_route=\/wp\/v2\/types\/post"}],"author":[{"embeddable":true,"href":"http:\/\/vertienteglobal.com\/index.php?rest_route=\/wp\/v2\/users\/1"}],"replies":[{"embeddable":true,"href":"http:\/\/vertienteglobal.com\/index.php?rest_route=%2Fwp%2Fv2%2Fcomments&post=199576"}],"version-history":[{"count":0,"href":"http:\/\/vertienteglobal.com\/index.php?rest_route=\/wp\/v2\/posts\/199576\/revisions"}],"wp:featuredmedia":[{"embeddable":true,"href":"http:\/\/vertienteglobal.com\/index.php?rest_route=\/wp\/v2\/media\/199577"}],"wp:attachment":[{"href":"http:\/\/vertienteglobal.com\/index.php?rest_route=%2Fwp%2Fv2%2Fmedia&parent=199576"}],"wp:term":[{"taxonomy":"category","embeddable":true,"href":"http:\/\/vertienteglobal.com\/index.php?rest_route=%2Fwp%2Fv2%2Fcategories&post=199576"},{"taxonomy":"post_tag","embeddable":true,"href":"http:\/\/vertienteglobal.com\/index.php?rest_route=%2Fwp%2Fv2%2Ftags&post=199576"}],"curies":[{"name":"wp","href":"https:\/\/api.w.org\/{rel}","templated":true}]}}