{"id":199566,"date":"2022-03-07T09:19:00","date_gmt":"2022-03-07T15:19:00","guid":{"rendered":"http:\/\/vertienteglobal.com\/?p=199566"},"modified":"2022-03-07T12:08:59","modified_gmt":"2022-03-07T18:08:59","slug":"sin-empleo-canada-busca-mexicanos-para-trabajar-en-fabrica-solo-necesitan-secundaria","status":"publish","type":"post","link":"http:\/\/vertienteglobal.com\/?p=199566","title":{"rendered":"\u00bfSin empleo? Canad\u00e1 busca mexicanos para trabajar en f\u00e1brica; s\u00f3lo necesitan secundaria"},"content":{"rendered":"\n<div class=\"twitterbutton\" style=\"float: right; padding-left: 5px;\"><a href=\"http:\/\/twitter.com\/share\" class=\"twitter-share-button\" data-count=\"horizontal\" data-text=\"\u00bfSin empleo? Canad\u00e1 busca mexicanos para trabajar en f\u00e1brica; s\u00f3lo necesitan...\" data-via=\"https:\/\/twitter.com\/VertienteGloba1\" data-url=\"http:\/\/vertienteglobal.com\/?p=199566\" data-lang=\"es\" data-related=\"Informaci\u00f3n general:S\u00edguenos para que est\u00e9ss informado\"><\/a><\/div>\n<figure class=\"wp-block-image size-large\"><img loading=\"lazy\" decoding=\"async\" width=\"1024\" height=\"655\" src=\"http:\/\/vertienteglobal.com\/wp-content\/uploads\/2022\/03\/1204414.jpg\" alt=\"\" class=\"wp-image-199567\" srcset=\"http:\/\/vertienteglobal.com\/wp-content\/uploads\/2022\/03\/1204414.jpg 1024w, http:\/\/vertienteglobal.com\/wp-content\/uploads\/2022\/03\/1204414-300x192.jpg 300w, http:\/\/vertienteglobal.com\/wp-content\/uploads\/2022\/03\/1204414-150x96.jpg 150w, http:\/\/vertienteglobal.com\/wp-content\/uploads\/2022\/03\/1204414-768x491.jpg 768w\" sizes=\"auto, (max-width: 1024px) 100vw, 1024px\" \/><\/figure>\n\n\n\n<p>(Redacci\u00f3n)<\/p>\n\n\n\n<p>La oferta fue publicada por el Portal del Empleo, perteneciente a la Secretar\u00eda de Trabajo y Previsi\u00f3n Social y los solicitantes deber\u00e1n demostrar experiencia como obreros metal\u00fargicos para realizar limados de bordes, acabados de limpieza y apoyar a los soldadores<\/p>\n\n\n\n<p>Ciudad de M\u00e9xico 07 de marzo de 2022.-Una empresa canadiense, ubicada en la provincia de Quebec, solicita mexicanos para que trabajen en una planta dedicada a la fabricaci\u00f3n de acero inoxidable.<\/p>\n\n\n\n<p>La oferta fue publicada por el Portal del Empleo, perteneciente a la Secretar\u00eda de Trabajo y Previsi\u00f3n Social y los solicitantes deber\u00e1n demostrar experiencia como obreros metal\u00fargicos para realizar limados de bordes, acabados de limpieza y apoyar a los soldadores.<\/p>\n\n\n\n<p>Los mexicanos contratados deber\u00e1n preparar tarimas de madera, empaquetar equipo, supervisar la carga y descarga de materiales, herramientas y equipos. Algunos trabajadores tendr\u00e1n que apoyar en el mantenimiento general: vaciar botes de basura, barrer, quitar la nieve y otras tareas.<\/p>\n\n\n\n<p>La empresa ofrece un salario de 48 mil 324 pesos mensuales, con un horario de lunes a viernes, de 06:00 a 15:00 horas y la empresa ofrece contrato por tiempo determinado y prestaciones de ley, conforme a la legislaci\u00f3n canadiense.<\/p>\n\n\n\n<p>Los requisitos que se piden son:<\/p>\n\n\n\n<p>Secundaria concluida.<\/p>\n\n\n\n<p>Experiencia de 6 meses a 1 a\u00f1o como obrero en fabricaci\u00f3n de acero inoxidable.<\/p>\n\n\n\n<p>Dar\u00e1n preferencia a quienes hayan trabajado con montacargas, plataformas elevadoras y gr\u00faas.<\/p>\n\n\n\n<p>Aunque no es obligatorio hablar ingl\u00e9s ni franc\u00e9s, dar\u00e1n preferencia a quienes s\u00ed dominen los idiomas.<\/p>\n\n\n\n<p>Entre las habilidades requeridas, piden razonamiento l\u00f3gico-matem\u00e1tico, compromiso, autonom\u00eda y facilidad para trabajar en equipo.<\/p>\n\n\n\n<p>\u00bfC\u00f3mo postularse al trabajo en Canad\u00e1?<\/p>\n\n\n\n<p>Los interesados deben postularse a la oferta de trabajo\u00a0en este enlace del Portal del Empleo:\u00a0\u00a0<a rel=\"noreferrer noopener\" href=\"https:\/\/www.empleo.gob.mx\/trabaja-en-el-extranjero\" target=\"_blank\">https:\/\/www.empleo.gob.mx\/resultados-ss-detalle\/empleo\/20056362<\/a>, preferentemente\u00a0antes del 25 de marzo\u00a0de 2022.<\/p>\n","protected":false},"excerpt":{"rendered":"<p>(Redacci\u00f3n) La oferta fue publicada por el Portal del Empleo, perteneciente a la Secretar\u00eda de Trabajo y Previsi\u00f3n Social y los solicitantes deber\u00e1n demostrar experiencia como obreros metal\u00fargicos para realizar limados de bordes, acabados de limpieza y apoyar a los soldadores Ciudad de M\u00e9xico 07 de marzo de 2022.-Una empresa canadiense, ubicada en la provincia [&hellip;]<\/p>\n","protected":false},"author":1,"featured_media":199567,"comment_status":"open","ping_status":"open","sticky":false,"template":"","format":"standard","meta":{"footnotes":""},"categories":[8],"tags":[],"class_list":["post-199566","post","type-post","status-publish","format-standard","has-post-thumbnail","hentry","category-pais","entry","has-media"],"jetpack_featured_media_url":"http:\/\/vertienteglobal.com\/wp-content\/uploads\/2022\/03\/1204414.jpg","_links":{"self":[{"href":"http:\/\/vertienteglobal.com\/index.php?rest_route=\/wp\/v2\/posts\/199566","targetHints":{"allow":["GET"]}}],"collection":[{"href":"http:\/\/vertienteglobal.com\/index.php?rest_route=\/wp\/v2\/posts"}],"about":[{"href":"http:\/\/vertienteglobal.com\/index.php?rest_route=\/wp\/v2\/types\/post"}],"author":[{"embeddable":true,"href":"http:\/\/vertienteglobal.com\/index.php?rest_route=\/wp\/v2\/users\/1"}],"replies":[{"embeddable":true,"href":"http:\/\/vertienteglobal.com\/index.php?rest_route=%2Fwp%2Fv2%2Fcomments&post=199566"}],"version-history":[{"count":0,"href":"http:\/\/vertienteglobal.com\/index.php?rest_route=\/wp\/v2\/posts\/199566\/revisions"}],"wp:featuredmedia":[{"embeddable":true,"href":"http:\/\/vertienteglobal.com\/index.php?rest_route=\/wp\/v2\/media\/199567"}],"wp:attachment":[{"href":"http:\/\/vertienteglobal.com\/index.php?rest_route=%2Fwp%2Fv2%2Fmedia&parent=199566"}],"wp:term":[{"taxonomy":"category","embeddable":true,"href":"http:\/\/vertienteglobal.com\/index.php?rest_route=%2Fwp%2Fv2%2Fcategories&post=199566"},{"taxonomy":"post_tag","embeddable":true,"href":"http:\/\/vertienteglobal.com\/index.php?rest_route=%2Fwp%2Fv2%2Ftags&post=199566"}],"curies":[{"name":"wp","href":"https:\/\/api.w.org\/{rel}","templated":true}]}}