{"id":199486,"date":"2022-03-05T19:53:00","date_gmt":"2022-03-06T01:53:00","guid":{"rendered":"http:\/\/vertienteglobal.com\/?p=199486"},"modified":"2022-03-05T23:09:25","modified_gmt":"2022-03-06T05:09:25","slug":"ayuntamiento-de-merida-trabaja-por-una-merida-incluyente-y-armonica-con-equidad-de-genero","status":"publish","type":"post","link":"http:\/\/vertienteglobal.com\/?p=199486","title":{"rendered":"Ayuntamiento de M\u00e9rida trabaja por una M\u00e9rida incluyente y arm\u00f3nica con equidad de g\u00e9nero"},"content":{"rendered":"\n<div class=\"twitterbutton\" style=\"float: right; padding-left: 5px;\"><a href=\"http:\/\/twitter.com\/share\" class=\"twitter-share-button\" data-count=\"horizontal\" data-text=\"Ayuntamiento de M\u00e9rida trabaja por una M\u00e9rida incluyente y arm\u00f3nica con equid...\" data-via=\"https:\/\/twitter.com\/VertienteGloba1\" data-url=\"http:\/\/vertienteglobal.com\/?p=199486\" data-lang=\"es\" data-related=\"Informaci\u00f3n general:S\u00edguenos para que est\u00e9ss informado\"><\/a><\/div>\n<figure class=\"wp-block-image size-large\"><img loading=\"lazy\" decoding=\"async\" width=\"660\" height=\"330\" src=\"http:\/\/vertienteglobal.com\/wp-content\/uploads\/2022\/03\/Talleres-equidad-2022-03-05-at-1.50.52-PM-1-660x330-1.jpeg\" alt=\"\" class=\"wp-image-199487\" srcset=\"http:\/\/vertienteglobal.com\/wp-content\/uploads\/2022\/03\/Talleres-equidad-2022-03-05-at-1.50.52-PM-1-660x330-1.jpeg 660w, http:\/\/vertienteglobal.com\/wp-content\/uploads\/2022\/03\/Talleres-equidad-2022-03-05-at-1.50.52-PM-1-660x330-1-300x150.jpeg 300w, http:\/\/vertienteglobal.com\/wp-content\/uploads\/2022\/03\/Talleres-equidad-2022-03-05-at-1.50.52-PM-1-660x330-1-150x75.jpeg 150w\" sizes=\"auto, (max-width: 660px) 100vw, 660px\" \/><\/figure>\n\n\n\n<p>(Redacci\u00f3n)<\/p>\n\n\n\n<p>Comisarias y comisarios del Municipio listos para proteger los derechos humanos y combatir la violencia contra la mujer en sus comunidades<\/p>\n\n\n\n<p>M\u00e9rida, Yucat\u00e1n a 5 de marzo de 2022.- El Ayuntamiento trabaja en la promoci\u00f3n de espacios de participaci\u00f3n de la mujer as\u00ed como en la promoci\u00f3n de pol\u00edticas p\u00fablicas que brinden mejores condiciones de desarrollo y oportunidades de igualdad de g\u00e9nero, indic\u00f3 el Alcalde Ren\u00e1n Barrera Concha durante su mensaje de clausura de la jornada de talleres \u201cTodas y Todos Trabajando por la Igualdad en Nuestra Comunidad\u201d que estuvo dirigido a comisarias y comisarios del Municipio.<\/p>\n\n\n\n<p>\u201cNuestro deber como servidores p\u00fablicos es proteger a la comunidad, recordando que la mujer es el pilar de la sociedad, por lo que debemos darles todas las herramientas y condiciones para que se desarrollen de manera integral\u201d, destac\u00f3.<\/p>\n\n\n\n<p>Agreg\u00f3 que, aunque el Ayuntamiento de M\u00e9rida trabaja constantemente en el mejoramiento de los servicios p\u00fablicos, tambi\u00e9n se avoca al lado humano, como es combatir la violencia, la discriminaci\u00f3n y la falta de oportunidades, sobre todos en las mujeres del municipio.<\/p>\n\n\n\n<p>\u201cLas mujeres pueden ser entrenadoras de f\u00fatbol, bomberas y hasta empleadas de alumbrado p\u00fablico, como hemos visto en este Ayuntamiento, entonces como autoridad hay que trabajar fuertemente para apoyarlas\u201d, expres\u00f3.<\/p>\n\n\n\n<p>Asimismo, felicit\u00f3 a los participantes de esta jornada de talleres, ya que al ser las autoridades m\u00e1s cercanas a la poblaci\u00f3n de sus comisar\u00edas, pueden hacer mucho por sus habitantes.<\/p>\n\n\n\n<p>En el evento efectuado en la sala audiovisual del Centro Cultural Olimpo, participaron en total 82 personas en tres sesiones, de las cuales una fue presencial y las dem\u00e1s en l\u00ednea. Entre los temas vistos, estuvieron: derechos humanos, violencia y masculinidad y violencia.<\/p>\n\n\n\n<p>El objetivo del taller, impartido por el Instituto Municipal de la Mujer, fue fortalecer la atenci\u00f3n que brindan las autoridades auxiliares de M\u00e9rida a las mujeres que viven situaciones de violencia a trav\u00e9s de la sensibilizaci\u00f3n y la creaci\u00f3n de rutas de actuaci\u00f3n con un enfoque de interculturalidad, derechos humanos, perspectiva de g\u00e9nero y cultura de paz.<\/p>\n\n\n\n<p>Record\u00f3 que este taller forma parte de las actividades que est\u00e1n previstas para este mes, ya que como autoridad no se puede ser indiferente a la necesidad de llevar al cabo acciones de bienestar comunitario que protejan a la mujer.<\/p>\n\n\n\n<p>Al respecto, la comisaria de Yaxch\u00e9 Casares, Cinthia Noem\u00ed Cetina Junco, se\u00f1al\u00f3 que gracias a este taller, ahora tiene la capacitaci\u00f3n necesaria para saber c\u00f3mo actuar y a qui\u00e9n dirigirse en caso de que se presenten casos de violencia en su comunidad.<\/p>\n\n\n\n<p>Agreg\u00f3 que desafortunadamente, el machismo de parte del hombre y la sumisi\u00f3n de la mujer, que han sido heredados de generaci\u00f3n en generaci\u00f3n, a\u00fan est\u00e1n muy presentes en la comisar\u00eda, raz\u00f3n por la cual se sabe de casos de violencia f\u00edsica y psicol\u00f3gica, ante los cuales la mujer se encuentra indefensa por esa forma de pensar.<\/p>\n\n\n\n<p>\u201cCreo que ante este panorama, una de las herramientas m\u00e1s importantes que me dej\u00f3 este taller, es la necesidad de implementar cursos para mi comisar\u00eda, a fin de que las personas sean conscientes de los efectos tan negativos que el machismo y la sumisi\u00f3n tienen en los casos de violencia. Hay que empezar a cambiar esos conceptos\u201d, indic\u00f3.<\/p>\n\n\n\n<p>Por su parte, el comisario de Xcumpich, Erik Alberto Chum\u00e1 Puga, manifest\u00f3 que este taller le ha ayudado a conocer m\u00e1s a fondo, los derechos de las mujeres, a ampliar la informaci\u00f3n de los tipos de violencia que se generan hoy por hoy, saber y tener armas para orientar a las mujeres que lo requieran, y sobre todo, a ser emp\u00e1ticos con ellas, a fin de entender cu\u00e1l es el origen de la violencia que viven.<\/p>\n\n\n\n<p>\u201cEs muy importante buscar que ellas mismas accedan a la ayuda que se les pueda brindar. Que sepan que no est\u00e1n solas\u201d, a\u00f1adi\u00f3.<\/p>\n\n\n\n<p>Destac\u00f3 que hay que trabajar mucho, ya que en las comunidades a\u00fan est\u00e1 muy arraigado el machismo, raz\u00f3n por la cual no s\u00f3lo se debe ayudar a la mujer, sino tambi\u00e9n al hombre machista para que entienda como esa situaci\u00f3n impacta negativamente en su hogar y en su comunidad.<\/p>\n\n\n\n<p>En el evento, acompa\u00f1aron al Alcalde la directora de Desarrollo Social Mar\u00eda Jos\u00e9 C\u00e1ceres Delgado y la directora del Instituto Municipal de la Mujer, Fabiola Garc\u00eda Maga\u00f1a, quien inform\u00f3 que este es el primer taller que se da en la actual administraci\u00f3n municipal, el cual se une a los impartidos previamente en las gestiones anteriores de Barrera Concha.<\/p>\n","protected":false},"excerpt":{"rendered":"<p>(Redacci\u00f3n) Comisarias y comisarios del Municipio listos para proteger los derechos humanos y combatir la violencia contra la mujer en sus comunidades M\u00e9rida, Yucat\u00e1n a 5 de marzo de 2022.- El Ayuntamiento trabaja en la promoci\u00f3n de espacios de participaci\u00f3n de la mujer as\u00ed como en la promoci\u00f3n de pol\u00edticas p\u00fablicas que brinden mejores condiciones [&hellip;]<\/p>\n","protected":false},"author":1,"featured_media":199487,"comment_status":"open","ping_status":"open","sticky":false,"template":"","format":"standard","meta":{"footnotes":""},"categories":[2],"tags":[],"class_list":["post-199486","post","type-post","status-publish","format-standard","has-post-thumbnail","hentry","category-yucatan","entry","has-media"],"jetpack_featured_media_url":"http:\/\/vertienteglobal.com\/wp-content\/uploads\/2022\/03\/Talleres-equidad-2022-03-05-at-1.50.52-PM-1-660x330-1.jpeg","_links":{"self":[{"href":"http:\/\/vertienteglobal.com\/index.php?rest_route=\/wp\/v2\/posts\/199486","targetHints":{"allow":["GET"]}}],"collection":[{"href":"http:\/\/vertienteglobal.com\/index.php?rest_route=\/wp\/v2\/posts"}],"about":[{"href":"http:\/\/vertienteglobal.com\/index.php?rest_route=\/wp\/v2\/types\/post"}],"author":[{"embeddable":true,"href":"http:\/\/vertienteglobal.com\/index.php?rest_route=\/wp\/v2\/users\/1"}],"replies":[{"embeddable":true,"href":"http:\/\/vertienteglobal.com\/index.php?rest_route=%2Fwp%2Fv2%2Fcomments&post=199486"}],"version-history":[{"count":0,"href":"http:\/\/vertienteglobal.com\/index.php?rest_route=\/wp\/v2\/posts\/199486\/revisions"}],"wp:featuredmedia":[{"embeddable":true,"href":"http:\/\/vertienteglobal.com\/index.php?rest_route=\/wp\/v2\/media\/199487"}],"wp:attachment":[{"href":"http:\/\/vertienteglobal.com\/index.php?rest_route=%2Fwp%2Fv2%2Fmedia&parent=199486"}],"wp:term":[{"taxonomy":"category","embeddable":true,"href":"http:\/\/vertienteglobal.com\/index.php?rest_route=%2Fwp%2Fv2%2Fcategories&post=199486"},{"taxonomy":"post_tag","embeddable":true,"href":"http:\/\/vertienteglobal.com\/index.php?rest_route=%2Fwp%2Fv2%2Ftags&post=199486"}],"curies":[{"name":"wp","href":"https:\/\/api.w.org\/{rel}","templated":true}]}}