{"id":199441,"date":"2022-03-04T18:51:13","date_gmt":"2022-03-05T00:51:13","guid":{"rendered":"http:\/\/vertienteglobal.com\/?p=199441"},"modified":"2022-03-05T11:53:25","modified_gmt":"2022-03-05T17:53:25","slug":"cdmx-regresa-a-semaforo-verde-a-partir-del-7-de-marzo","status":"publish","type":"post","link":"http:\/\/vertienteglobal.com\/?p=199441","title":{"rendered":"CDMX regresa a sem\u00e1foro verde a partir del 7 de marzo"},"content":{"rendered":"\n<div class=\"twitterbutton\" style=\"float: right; padding-left: 5px;\"><a href=\"http:\/\/twitter.com\/share\" class=\"twitter-share-button\" data-count=\"horizontal\" data-text=\"CDMX regresa a sem\u00e1foro verde a partir del 7 de marzo\" data-via=\"https:\/\/twitter.com\/VertienteGloba1\" data-url=\"http:\/\/vertienteglobal.com\/?p=199441\" data-lang=\"es\" data-related=\"Informaci\u00f3n general:S\u00edguenos para que est\u00e9ss informado\"><\/a><\/div>\n<figure class=\"wp-block-image size-large\"><img loading=\"lazy\" decoding=\"async\" width=\"1024\" height=\"576\" src=\"http:\/\/vertienteglobal.com\/wp-content\/uploads\/2022\/03\/170754.jpg\" alt=\"\" class=\"wp-image-199442\" srcset=\"http:\/\/vertienteglobal.com\/wp-content\/uploads\/2022\/03\/170754.jpg 1024w, http:\/\/vertienteglobal.com\/wp-content\/uploads\/2022\/03\/170754-300x169.jpg 300w, http:\/\/vertienteglobal.com\/wp-content\/uploads\/2022\/03\/170754-150x84.jpg 150w, http:\/\/vertienteglobal.com\/wp-content\/uploads\/2022\/03\/170754-768x432.jpg 768w\" sizes=\"auto, (max-width: 1024px) 100vw, 1024px\" \/><\/figure>\n\n\n\n<p>(Redacci\u00f3n)<\/p>\n\n\n\n<p>Tambi\u00e9n ha habido una reducci\u00f3n en los casos positivos, seg\u00fan las pruebas hechas en kioscos y centros de la salud de la CDMX<\/p>\n\n\n\n<p>Ciudad de M\u00e9xico 04 de marzo de 2022.-La Ciudad de M\u00e9xico volver\u00e1 a estar en el sem\u00e1foro verde a partir del pr\u00f3ximo lunes, inform\u00f3 este viernes el Gobierno capitalino.<\/p>\n\n\n\n<p>\u2018Tenemos una muy buena noticia el d\u00eda de hoy: la Ciudad de M\u00e9xico regresa a partir del pr\u00f3ximo lunes a sem\u00e1foro verde de acuerdo a los indicadores que nos ha compartido el Gobierno de M\u00e9xico el d\u00eda de ayer. Lo que significa que estaremos por lo menos dos semanas en sem\u00e1foro verde\u2019, apunt\u00f3 Eduardo Clark, director general de Gobierno Digital de la Agencia Digital de Innovaci\u00f3n P\u00fablica.<\/p>\n\n\n\n<p>Tambi\u00e9n ha habido una reducci\u00f3n en los casos positivos, seg\u00fan las pruebas hechas en kioscos y centros de la salud de la CDMX.<\/p>\n\n\n\n<p>\u2018El promedio de los \u00faltimos siete d\u00edas estamos identificando 305 personas, en promedio diario, lo que es una reducci\u00f3n ya del 96 por ciento con respecto al m\u00e1ximo que observamos el 17 de enero\u2019, indic\u00f3 Clark.(Fuente: EF)<\/p>\n","protected":false},"excerpt":{"rendered":"<p>(Redacci\u00f3n) Tambi\u00e9n ha habido una reducci\u00f3n en los casos positivos, seg\u00fan las pruebas hechas en kioscos y centros de la salud de la CDMX Ciudad de M\u00e9xico 04 de marzo de 2022.-La Ciudad de M\u00e9xico volver\u00e1 a estar en el sem\u00e1foro verde a partir del pr\u00f3ximo lunes, inform\u00f3 este viernes el Gobierno capitalino. \u2018Tenemos una [&hellip;]<\/p>\n","protected":false},"author":1,"featured_media":199442,"comment_status":"open","ping_status":"open","sticky":false,"template":"","format":"standard","meta":{"footnotes":""},"categories":[8],"tags":[],"class_list":["post-199441","post","type-post","status-publish","format-standard","has-post-thumbnail","hentry","category-pais","entry","has-media"],"jetpack_featured_media_url":"http:\/\/vertienteglobal.com\/wp-content\/uploads\/2022\/03\/170754.jpg","_links":{"self":[{"href":"http:\/\/vertienteglobal.com\/index.php?rest_route=\/wp\/v2\/posts\/199441","targetHints":{"allow":["GET"]}}],"collection":[{"href":"http:\/\/vertienteglobal.com\/index.php?rest_route=\/wp\/v2\/posts"}],"about":[{"href":"http:\/\/vertienteglobal.com\/index.php?rest_route=\/wp\/v2\/types\/post"}],"author":[{"embeddable":true,"href":"http:\/\/vertienteglobal.com\/index.php?rest_route=\/wp\/v2\/users\/1"}],"replies":[{"embeddable":true,"href":"http:\/\/vertienteglobal.com\/index.php?rest_route=%2Fwp%2Fv2%2Fcomments&post=199441"}],"version-history":[{"count":0,"href":"http:\/\/vertienteglobal.com\/index.php?rest_route=\/wp\/v2\/posts\/199441\/revisions"}],"wp:featuredmedia":[{"embeddable":true,"href":"http:\/\/vertienteglobal.com\/index.php?rest_route=\/wp\/v2\/media\/199442"}],"wp:attachment":[{"href":"http:\/\/vertienteglobal.com\/index.php?rest_route=%2Fwp%2Fv2%2Fmedia&parent=199441"}],"wp:term":[{"taxonomy":"category","embeddable":true,"href":"http:\/\/vertienteglobal.com\/index.php?rest_route=%2Fwp%2Fv2%2Fcategories&post=199441"},{"taxonomy":"post_tag","embeddable":true,"href":"http:\/\/vertienteglobal.com\/index.php?rest_route=%2Fwp%2Fv2%2Ftags&post=199441"}],"curies":[{"name":"wp","href":"https:\/\/api.w.org\/{rel}","templated":true}]}}