{"id":199418,"date":"2022-03-04T08:35:27","date_gmt":"2022-03-04T14:35:27","guid":{"rendered":"http:\/\/vertienteglobal.com\/?p=199418"},"modified":"2022-03-05T10:32:04","modified_gmt":"2022-03-05T16:32:04","slug":"menores-podran-pedir-cambio-de-acta-de-nacimiento-acorde-a-su-identidad-de-genero-determina-la-corte","status":"publish","type":"post","link":"http:\/\/vertienteglobal.com\/?p=199418","title":{"rendered":"Menores podr\u00e1n pedir cambio de acta de nacimiento acorde a su identidad de g\u00e9nero, determina la Corte"},"content":{"rendered":"\n<div class=\"twitterbutton\" style=\"float: right; padding-left: 5px;\"><a href=\"http:\/\/twitter.com\/share\" class=\"twitter-share-button\" data-count=\"horizontal\" data-text=\"Menores podr\u00e1n pedir cambio de acta de nacimiento acorde a su identidad de g\u00e9n...\" data-via=\"https:\/\/twitter.com\/VertienteGloba1\" data-url=\"http:\/\/vertienteglobal.com\/?p=199418\" data-lang=\"es\" data-related=\"Informaci\u00f3n general:S\u00edguenos para que est\u00e9ss informado\"><\/a><\/div>\n<figure class=\"wp-block-image size-large\"><img loading=\"lazy\" decoding=\"async\" width=\"660\" height=\"330\" src=\"http:\/\/vertienteglobal.com\/wp-content\/uploads\/2022\/03\/6777PWOX5FEX3NZKSOR5JYPJMU-660x330-1.jpeg\" alt=\"\" class=\"wp-image-199419\" srcset=\"http:\/\/vertienteglobal.com\/wp-content\/uploads\/2022\/03\/6777PWOX5FEX3NZKSOR5JYPJMU-660x330-1.jpeg 660w, http:\/\/vertienteglobal.com\/wp-content\/uploads\/2022\/03\/6777PWOX5FEX3NZKSOR5JYPJMU-660x330-1-300x150.jpeg 300w, http:\/\/vertienteglobal.com\/wp-content\/uploads\/2022\/03\/6777PWOX5FEX3NZKSOR5JYPJMU-660x330-1-150x75.jpeg 150w\" sizes=\"auto, (max-width: 660px) 100vw, 660px\" \/><\/figure>\n\n\n\n<p>(Redacci\u00f3n)<\/p>\n\n\n\n<p>Explic\u00f3 tambi\u00e9n que el requisito de la mayor\u00eda de edad para tomar decisiones en materia de identidad vulnera el derecho de ni\u00f1as, ni\u00f1os y adolescentes al libre desarrollo de la personalidad<\/p>\n\n\n\n<p>Ciudad de M\u00e9xico a 04 de.marzo de 2022.-<strong>La Suprema Corte invalid\u00f3 la fracci\u00f3n segunda del art\u00edculo 875 del C\u00f3digo Civil de Puebla.<\/strong>En sesi\u00f3n del pleno, la Suprema Corte de Justicia de la Naci\u00f3n (SCJN) resolvi\u00f3 que es inconstitucional que se deba tener 18 a\u00f1os de edad para solicitar un acta de nacimiento conforme la identidad de g\u00e9nero autopercibida.<\/p>\n\n\n\n<p>La Suprema Corte invalid\u00f3 la fracci\u00f3n segunda del art\u00edculo 875 del C\u00f3digo Civil de Puebla, donde se establec\u00eda hasta hoy que las personas deb\u00edan tener 18 a\u00f1os para modificar y reconocer su identidad de g\u00e9nero.<\/p>\n\n\n\n<p>\u2018\u2019Lo correcto es reconocer el derecho a los menores a la diversa identidad de g\u00e9nero, entendido conforme a las medidas de protecci\u00f3n especial que los estados dispongan a nivel interno, mismas que deber\u00e1n respetar los principios: inter\u00e9s superior de la ni\u00f1ez, autonom\u00eda progresiva, a que tome en cuenta su opini\u00f3n en todo procedimiento que lo afecte y no discriminaci\u00f3n\u2019\u2019, argument\u00f3 la ministra Loretta Ortiz Ahlf.<\/p>\n\n\n\n<p>Explic\u00f3 tambi\u00e9n que el requisito de la mayor\u00eda de edad para tomar decisiones en materia de identidad vulnera el derecho de ni\u00f1as, ni\u00f1os y adolescentes al libre desarrollo de la personalidad.<\/p>\n\n\n\n<p>En tanto, la ministra Margarita R\u00edos Fajart consider\u00f3 el cambio como justo y sensible. Consider\u00f3 que el proyecto debe robustecerse con acuerdos internacionales relacionados con la identidad de g\u00e9nero.<\/p>\n\n\n\n<p>Este nuevo lineamiento de la Suprema Corte aplica para todos lo jueces del pa\u00eds cuando ni\u00f1as, ni\u00f1os y adolescentes soliciten el cambio de g\u00e9nero en su acta de nacimiento.(Fuente: El Financiero)<\/p>\n","protected":false},"excerpt":{"rendered":"<p>(Redacci\u00f3n) Explic\u00f3 tambi\u00e9n que el requisito de la mayor\u00eda de edad para tomar decisiones en materia de identidad vulnera el derecho de ni\u00f1as, ni\u00f1os y adolescentes al libre desarrollo de la personalidad Ciudad de M\u00e9xico a 04 de.marzo de 2022.-La Suprema Corte invalid\u00f3 la fracci\u00f3n segunda del art\u00edculo 875 del C\u00f3digo Civil de Puebla.En sesi\u00f3n [&hellip;]<\/p>\n","protected":false},"author":1,"featured_media":199419,"comment_status":"open","ping_status":"open","sticky":false,"template":"","format":"standard","meta":{"footnotes":""},"categories":[8],"tags":[],"class_list":["post-199418","post","type-post","status-publish","format-standard","has-post-thumbnail","hentry","category-pais","entry","has-media"],"jetpack_featured_media_url":"http:\/\/vertienteglobal.com\/wp-content\/uploads\/2022\/03\/6777PWOX5FEX3NZKSOR5JYPJMU-660x330-1.jpeg","_links":{"self":[{"href":"http:\/\/vertienteglobal.com\/index.php?rest_route=\/wp\/v2\/posts\/199418","targetHints":{"allow":["GET"]}}],"collection":[{"href":"http:\/\/vertienteglobal.com\/index.php?rest_route=\/wp\/v2\/posts"}],"about":[{"href":"http:\/\/vertienteglobal.com\/index.php?rest_route=\/wp\/v2\/types\/post"}],"author":[{"embeddable":true,"href":"http:\/\/vertienteglobal.com\/index.php?rest_route=\/wp\/v2\/users\/1"}],"replies":[{"embeddable":true,"href":"http:\/\/vertienteglobal.com\/index.php?rest_route=%2Fwp%2Fv2%2Fcomments&post=199418"}],"version-history":[{"count":0,"href":"http:\/\/vertienteglobal.com\/index.php?rest_route=\/wp\/v2\/posts\/199418\/revisions"}],"wp:featuredmedia":[{"embeddable":true,"href":"http:\/\/vertienteglobal.com\/index.php?rest_route=\/wp\/v2\/media\/199419"}],"wp:attachment":[{"href":"http:\/\/vertienteglobal.com\/index.php?rest_route=%2Fwp%2Fv2%2Fmedia&parent=199418"}],"wp:term":[{"taxonomy":"category","embeddable":true,"href":"http:\/\/vertienteglobal.com\/index.php?rest_route=%2Fwp%2Fv2%2Fcategories&post=199418"},{"taxonomy":"post_tag","embeddable":true,"href":"http:\/\/vertienteglobal.com\/index.php?rest_route=%2Fwp%2Fv2%2Ftags&post=199418"}],"curies":[{"name":"wp","href":"https:\/\/api.w.org\/{rel}","templated":true}]}}