{"id":199399,"date":"2022-03-03T09:09:00","date_gmt":"2022-03-03T15:09:00","guid":{"rendered":"http:\/\/vertienteglobal.com\/?p=199399"},"modified":"2022-03-03T11:34:57","modified_gmt":"2022-03-03T17:34:57","slug":"hasta-el-momento-no-hay-reporte-de-danos-informa-amlo","status":"publish","type":"post","link":"http:\/\/vertienteglobal.com\/?p=199399","title":{"rendered":"Hasta el momento no hay reporte de da\u00f1os, informa AMLO"},"content":{"rendered":"\n<div class=\"twitterbutton\" style=\"float: right; padding-left: 5px;\"><a href=\"http:\/\/twitter.com\/share\" class=\"twitter-share-button\" data-count=\"horizontal\" data-text=\"Hasta el momento no hay reporte de da\u00f1os, informa AMLO\" data-via=\"https:\/\/twitter.com\/VertienteGloba1\" data-url=\"http:\/\/vertienteglobal.com\/?p=199399\" data-lang=\"es\" data-related=\"Informaci\u00f3n general:S\u00edguenos para que est\u00e9ss informado\"><\/a><\/div>\n<figure class=\"wp-block-image size-large\"><img loading=\"lazy\" decoding=\"async\" width=\"1024\" height=\"574\" src=\"http:\/\/vertienteglobal.com\/wp-content\/uploads\/2022\/03\/20220303_082856-1024x574.jpg\" alt=\"\" class=\"wp-image-199400\" srcset=\"http:\/\/vertienteglobal.com\/wp-content\/uploads\/2022\/03\/20220303_082856-1024x574.jpg 1024w, http:\/\/vertienteglobal.com\/wp-content\/uploads\/2022\/03\/20220303_082856-300x168.jpg 300w, http:\/\/vertienteglobal.com\/wp-content\/uploads\/2022\/03\/20220303_082856-150x84.jpg 150w, http:\/\/vertienteglobal.com\/wp-content\/uploads\/2022\/03\/20220303_082856-768x430.jpg 768w, http:\/\/vertienteglobal.com\/wp-content\/uploads\/2022\/03\/20220303_082856.jpg 1110w\" sizes=\"auto, (max-width: 1024px) 100vw, 1024px\" \/><\/figure>\n\n\n\n<p>(Antonio Rivera)<\/p>\n\n\n\n<p>L\u00f3pez Obrador agreg\u00f3 que en la Ciudad de M\u00e9xico no se percibi\u00f3 un gran movimiento, pero la alerta s\u00edsmica se activ\u00f3 en diversas zonas de la capital<\/p>\n\n\n\n<p>Ciudad de M\u00e9xico 03 de marzo de 2022.-El presidente de M\u00e9xico, Andr\u00e9s Manuel L\u00f3pez Obrador, inform\u00f3 que hasta el momento no se han reportado da\u00f1os por el sismo magnitud 5.7 que ocurri\u00f3 en Isla, Veracruz, y que se percibi\u00f3 en la Ciudad de M\u00e9xico.<\/p>\n\n\n\n<p>El mandatario nacional se\u00f1al\u00f3 que se comunic\u00f3 con los gobernadores de Oaxaca, Alejandro Murat y de Veracruz, Cuitl\u00e1huac Garc\u00eda, quienes no le notificaron alg\u00fan incidente generado por el sismo.<\/p>\n\n\n\n<p>L\u00f3pez Obrador agreg\u00f3 que en la Ciudad de M\u00e9xico no se percibi\u00f3 un gran movimiento, pero la alerta s\u00edsmica se activ\u00f3 en diversas zonas de la capital.<\/p>\n","protected":false},"excerpt":{"rendered":"<p>(Antonio Rivera) L\u00f3pez Obrador agreg\u00f3 que en la Ciudad de M\u00e9xico no se percibi\u00f3 un gran movimiento, pero la alerta s\u00edsmica se activ\u00f3 en diversas zonas de la capital Ciudad de M\u00e9xico 03 de marzo de 2022.-El presidente de M\u00e9xico, Andr\u00e9s Manuel L\u00f3pez Obrador, inform\u00f3 que hasta el momento no se han reportado da\u00f1os por [&hellip;]<\/p>\n","protected":false},"author":1,"featured_media":199400,"comment_status":"open","ping_status":"open","sticky":false,"template":"","format":"standard","meta":{"footnotes":""},"categories":[8],"tags":[],"class_list":["post-199399","post","type-post","status-publish","format-standard","has-post-thumbnail","hentry","category-pais","entry","has-media"],"jetpack_featured_media_url":"http:\/\/vertienteglobal.com\/wp-content\/uploads\/2022\/03\/20220303_082856.jpg","_links":{"self":[{"href":"http:\/\/vertienteglobal.com\/index.php?rest_route=\/wp\/v2\/posts\/199399","targetHints":{"allow":["GET"]}}],"collection":[{"href":"http:\/\/vertienteglobal.com\/index.php?rest_route=\/wp\/v2\/posts"}],"about":[{"href":"http:\/\/vertienteglobal.com\/index.php?rest_route=\/wp\/v2\/types\/post"}],"author":[{"embeddable":true,"href":"http:\/\/vertienteglobal.com\/index.php?rest_route=\/wp\/v2\/users\/1"}],"replies":[{"embeddable":true,"href":"http:\/\/vertienteglobal.com\/index.php?rest_route=%2Fwp%2Fv2%2Fcomments&post=199399"}],"version-history":[{"count":0,"href":"http:\/\/vertienteglobal.com\/index.php?rest_route=\/wp\/v2\/posts\/199399\/revisions"}],"wp:featuredmedia":[{"embeddable":true,"href":"http:\/\/vertienteglobal.com\/index.php?rest_route=\/wp\/v2\/media\/199400"}],"wp:attachment":[{"href":"http:\/\/vertienteglobal.com\/index.php?rest_route=%2Fwp%2Fv2%2Fmedia&parent=199399"}],"wp:term":[{"taxonomy":"category","embeddable":true,"href":"http:\/\/vertienteglobal.com\/index.php?rest_route=%2Fwp%2Fv2%2Fcategories&post=199399"},{"taxonomy":"post_tag","embeddable":true,"href":"http:\/\/vertienteglobal.com\/index.php?rest_route=%2Fwp%2Fv2%2Ftags&post=199399"}],"curies":[{"name":"wp","href":"https:\/\/api.w.org\/{rel}","templated":true}]}}