{"id":199316,"date":"2022-03-02T08:24:00","date_gmt":"2022-03-02T14:24:00","guid":{"rendered":"http:\/\/vertienteglobal.com\/?p=199316"},"modified":"2022-03-02T14:09:47","modified_gmt":"2022-03-02T20:09:47","slug":"mensaje-de-biden-sobre-armas-y-migracion-fue-oportunoamlo","status":"publish","type":"post","link":"http:\/\/vertienteglobal.com\/?p=199316","title":{"rendered":"Mensaje de Biden sobre armas y migraci\u00f3n fue oportuno:AMLO"},"content":{"rendered":"\n<div class=\"twitterbutton\" style=\"float: right; padding-left: 5px;\"><a href=\"http:\/\/twitter.com\/share\" class=\"twitter-share-button\" data-count=\"horizontal\" data-text=\"Mensaje de Biden sobre armas y migraci\u00f3n fue oportuno:AMLO\" data-via=\"https:\/\/twitter.com\/VertienteGloba1\" data-url=\"http:\/\/vertienteglobal.com\/?p=199316\" data-lang=\"es\" data-related=\"Informaci\u00f3n general:S\u00edguenos para que est\u00e9ss informado\"><\/a><\/div>\n<figure class=\"wp-block-image size-large\"><img loading=\"lazy\" decoding=\"async\" width=\"1024\" height=\"683\" src=\"http:\/\/vertienteglobal.com\/wp-content\/uploads\/2022\/03\/170507.jpg\" alt=\"\" class=\"wp-image-199317\" srcset=\"http:\/\/vertienteglobal.com\/wp-content\/uploads\/2022\/03\/170507.jpg 1024w, http:\/\/vertienteglobal.com\/wp-content\/uploads\/2022\/03\/170507-300x200.jpg 300w, http:\/\/vertienteglobal.com\/wp-content\/uploads\/2022\/03\/170507-150x100.jpg 150w, http:\/\/vertienteglobal.com\/wp-content\/uploads\/2022\/03\/170507-768x512.jpg 768w\" sizes=\"auto, (max-width: 1024px) 100vw, 1024px\" \/><\/figure>\n\n\n\n<p>(Antonio Rivera)<\/p>\n\n\n\n<p>Coment\u00f3 que se ver\u00e1 qui\u00e9nes son los legisladores estadounidenses que apoyan a migrantes y los que est\u00e1n a favor de la xenofobia durante la aprobaci\u00f3n de la pol\u00edtica migratoria, que beneficiar\u00e1 a los 38 millones de mexicanos que radican en Estados Unidos<\/p>\n\n\n\n<p>Ciudad de M\u00e9xico 02 de marzo de 2022.-el presidente Andr\u00e9s Manuel L\u00f3pez Obrador, sostuvo que el discurso del presidente de Estados Unidos, Joe Biden, sobre migraci\u00f3n y control de armas fue oportuno, debido a las necesidades que se registran en ese pa\u00eds y M\u00e9xico.<\/p>\n\n\n\n<p>Y es que afirmo: \u00abMe pareci\u00f3 adecuado, correcto, oportuno el mensaje del presidente Biden, sobre todo en el tema del control de las armas, es un asunto que nos importa mucho y tambi\u00e9n en un enfoque que se tiene que dar a la pol\u00edtica migratoria, el compromiso de aprobar la reforma para regularizar a nuestros paisanos y migrantes\u00bb.<\/p>\n\n\n\n<p>El presidente de M\u00e9xico resalt\u00f3 la importancia de aprobar la pol\u00edtica migratoria para regularizar el flujo en vez de detenerlo, pues se\u00f1al\u00f3 que la fuerza de trabajo en Am\u00e9rica del Norte depende de la migraci\u00f3n<\/p>\n\n\n\n<p>Coment\u00f3 que se ver\u00e1 qui\u00e9nes son los legisladores estadounidenses que apoyan a migrantes y los que est\u00e1n a favor de la xenofobia durante la aprobaci\u00f3n de la pol\u00edtica migratoria, que beneficiar\u00e1 a los 38 millones de mexicanos que radican en Estados Unidos.<\/p>\n","protected":false},"excerpt":{"rendered":"<p>(Antonio Rivera) Coment\u00f3 que se ver\u00e1 qui\u00e9nes son los legisladores estadounidenses que apoyan a migrantes y los que est\u00e1n a favor de la xenofobia durante la aprobaci\u00f3n de la pol\u00edtica migratoria, que beneficiar\u00e1 a los 38 millones de mexicanos que radican en Estados Unidos Ciudad de M\u00e9xico 02 de marzo de 2022.-el presidente Andr\u00e9s Manuel [&hellip;]<\/p>\n","protected":false},"author":1,"featured_media":199317,"comment_status":"open","ping_status":"open","sticky":false,"template":"","format":"standard","meta":{"footnotes":""},"categories":[8],"tags":[],"class_list":["post-199316","post","type-post","status-publish","format-standard","has-post-thumbnail","hentry","category-pais","entry","has-media"],"jetpack_featured_media_url":"http:\/\/vertienteglobal.com\/wp-content\/uploads\/2022\/03\/170507.jpg","_links":{"self":[{"href":"http:\/\/vertienteglobal.com\/index.php?rest_route=\/wp\/v2\/posts\/199316","targetHints":{"allow":["GET"]}}],"collection":[{"href":"http:\/\/vertienteglobal.com\/index.php?rest_route=\/wp\/v2\/posts"}],"about":[{"href":"http:\/\/vertienteglobal.com\/index.php?rest_route=\/wp\/v2\/types\/post"}],"author":[{"embeddable":true,"href":"http:\/\/vertienteglobal.com\/index.php?rest_route=\/wp\/v2\/users\/1"}],"replies":[{"embeddable":true,"href":"http:\/\/vertienteglobal.com\/index.php?rest_route=%2Fwp%2Fv2%2Fcomments&post=199316"}],"version-history":[{"count":0,"href":"http:\/\/vertienteglobal.com\/index.php?rest_route=\/wp\/v2\/posts\/199316\/revisions"}],"wp:featuredmedia":[{"embeddable":true,"href":"http:\/\/vertienteglobal.com\/index.php?rest_route=\/wp\/v2\/media\/199317"}],"wp:attachment":[{"href":"http:\/\/vertienteglobal.com\/index.php?rest_route=%2Fwp%2Fv2%2Fmedia&parent=199316"}],"wp:term":[{"taxonomy":"category","embeddable":true,"href":"http:\/\/vertienteglobal.com\/index.php?rest_route=%2Fwp%2Fv2%2Fcategories&post=199316"},{"taxonomy":"post_tag","embeddable":true,"href":"http:\/\/vertienteglobal.com\/index.php?rest_route=%2Fwp%2Fv2%2Ftags&post=199316"}],"curies":[{"name":"wp","href":"https:\/\/api.w.org\/{rel}","templated":true}]}}