{"id":199297,"date":"2022-03-01T21:34:00","date_gmt":"2022-03-02T03:34:00","guid":{"rendered":"http:\/\/vertienteglobal.com\/?p=199297"},"modified":"2022-03-01T23:00:42","modified_gmt":"2022-03-02T05:00:42","slug":"pide-licencia-al-senado-jose-luis-pech-para-buscar-la-gubernatura-de-quintana-roo","status":"publish","type":"post","link":"http:\/\/vertienteglobal.com\/?p=199297","title":{"rendered":"Pide licencia al Senado Jose Luis Pech para buscar la gubernatura de Quintana Roo"},"content":{"rendered":"\n<div class=\"twitterbutton\" style=\"float: right; padding-left: 5px;\"><a href=\"http:\/\/twitter.com\/share\" class=\"twitter-share-button\" data-count=\"horizontal\" data-text=\"Pide licencia al Senado Jose Luis Pech para buscar la gubernatura de Quintana Ro...\" data-via=\"https:\/\/twitter.com\/VertienteGloba1\" data-url=\"http:\/\/vertienteglobal.com\/?p=199297\" data-lang=\"es\" data-related=\"Informaci\u00f3n general:S\u00edguenos para que est\u00e9ss informado\"><\/a><\/div>\n<figure class=\"wp-block-image size-large\"><img loading=\"lazy\" decoding=\"async\" width=\"800\" height=\"533\" src=\"http:\/\/vertienteglobal.com\/wp-content\/uploads\/2022\/03\/20220301_221010.jpg\" alt=\"\" class=\"wp-image-199298\" srcset=\"http:\/\/vertienteglobal.com\/wp-content\/uploads\/2022\/03\/20220301_221010.jpg 800w, http:\/\/vertienteglobal.com\/wp-content\/uploads\/2022\/03\/20220301_221010-300x200.jpg 300w, http:\/\/vertienteglobal.com\/wp-content\/uploads\/2022\/03\/20220301_221010-150x100.jpg 150w, http:\/\/vertienteglobal.com\/wp-content\/uploads\/2022\/03\/20220301_221010-768x512.jpg 768w\" sizes=\"auto, (max-width: 800px) 100vw, 800px\" \/><\/figure>\n\n\n\n<p>(Redacci\u00f3n)<\/p>\n\n\n\n<p>Con palabras de aliento y reconocimiento a su labor legislativa, lo despiden senadores de diversas fracciones parlamentarias.<\/p>\n\n\n\n<p>La pri\u00edsta Beatriz Paredes destaca que con el Dr. Pech, hay motivos para pensar que se elevar\u00e1 el nivel del debate en las elecciones en Quintana Roo<\/p>\n\n\n\n<p>Ciudad de M\u00e9xico, 01 de marzo de 2022.- Con palabras de aliento, deseos de \u00e9xito y reconocimiento a su labor, trayectoria y capacidad pol\u00edtica y humana, 11 senadores de varias fracciones parlamentarias despidieron al legislador quintanarroense Jos\u00e9 Luis Pech V\u00e1rguez, luego de que presentara su solicitud de licencia a la Mesa Directiva del Senado de la Rep\u00fablica, para separarse temporalmente del cargo, a fin de contender como candidato a gobernador de Quintana Roo, en la pr\u00f3xima elecci\u00f3n del cinco de junio del a\u00f1o en curso.<\/p>\n\n\n\n<p>En una carta enviada a la presidenta del Senado, Olga S\u00e1nchez Cordero, el ahora aspirante a la gubernatura de Quintana Roo, le solicit\u00f3 se le conceda separarse de su cargo como legislador a partir del pr\u00f3ximo s\u00e1bado 5 de marzo.<\/p>\n\n\n\n<p>Tras agradecer a sus compa\u00f1eros senadores por sus atenciones, se\u00f1al\u00f3 que tuvo el privilegio de fungir como secretario de la Mesa Directiva, as\u00ed como pertenecer a las comisiones de Ciencia y Tecnolog\u00eda; Relaciones Exteriores, Europa y de Asia-Pac\u00edfico-\u00c1frica; Hacienda y Cr\u00e9dito P\u00fablico; Salud; Turismo; y Desarrollo y Bienestar Social.<\/p>\n\n\n\n<p>\u201cEsta licencia la solicito para contender como candidato a gobernar el Estado Quintana Roo, entidad que me ha visto crecer como persona y donde he tenido el privilegio de servir en el Gobierno Estatal como Secretario T\u00e9cnico de Gabinete, de Turismo, de Gobierno, de Hacienda, de Educaci\u00f3n y Cultura, as\u00ed como Rector de la Universidad de Quintana Roo\u201d, subray\u00f3 en la misiva.<\/p>\n\n\n\n<p>Pech V\u00e1rguez se registr\u00f3 la semana pasada como candidato de Movimiento Ciudadano a la gubernatura de Quintana Roo, en un acto en el que estuvo acompa\u00f1ado de Dante Delgado Rannauro, senador de la Rep\u00fablica y dirigente nacional del partido por el que buscar\u00e1 ser gobernador.<\/p>\n\n\n\n<p>Tras haber sido presentada la carta de licencia del senador Jos\u00e9 Luis Pech, un total de 11 legisladores de diversas fracciones parlamentarias, hicieron uso de la palabra para destacar el trabajo realizado por el quintanarroense en la C\u00e1mara Alta y hablar de su calidad humana y pol\u00edtica.<\/p>\n\n\n\n<p>La senadora priista Beatriz Paredes Rangel, destac\u00f3 que con la decisi\u00f3n tomada por el Dr. Pech, hay motivos para pensar que se elevar\u00e1 el nivel del debate en las elecciones en Quintana Roo.<\/p>\n\n\n\n<p>Agreg\u00f3 que es necesario hacer una reflexi\u00f3n de fondo sobre las condiciones del medio ambiente, pues es un estado que se distingue por ser un espacio natural extraordinario, pero que ha sido afectado por un dise\u00f1o de desarrollo equivocado.<\/p>\n\n\n\n<p>Por su parte, el senador Emilio \u00c1lvarez Icaza, del Grupo Plural, dijo que las y los quintanarroenses tienen en el Dr. Pech a una persona de la cual pueden sentirse orgullosos.<\/p>\n\n\n\n<p>Estim\u00f3 que con \u00e9l, \u00aben Quintana Roo hay la esperanza de un hombre que conoce su estado, que tiene una trayectoria y una capacidad que hoy pone en juego y que otra vez le apuesta a sus ideales, lo cual no solo merece el reconocimiento, sino tambi\u00e9n el respeto, por lo que le deseamos el mayor de los \u00e9xitos\u00bb.<\/p>\n\n\n\n<p>En tanto el senador Juan Zepeda, de Movimiento Ciudadano, puntualiz\u00f3 que Jos\u00e9 Luis Pech es una persona muy congruente, que siempre ha luchado por lograr lo mejor para su estado y, como una persona de valores, puede enriquecer mucho la pol\u00edtica del pa\u00eds y en particular la de Quintana Roo.<\/p>\n\n\n\n<p>Cabe se\u00f1alar que tambi\u00e9n le expresaron buenos deseos y hablaron de la labor del senador Jos\u00e9 Luis Pech, otros nueve legisladores: Mario Zamora, Clemente Casta\u00f1eda, Antonio Garc\u00eda Conejo, Jos\u00e9 Narro, Miguel \u00c1ngel Mancera, M\u00f3nica Fern\u00e1ndez, Gabriela Benavides Cobos y Cora Cecilia Pinedo Alonso.<\/p>\n","protected":false},"excerpt":{"rendered":"<p>(Redacci\u00f3n) Con palabras de aliento y reconocimiento a su labor legislativa, lo despiden senadores de diversas fracciones parlamentarias. La pri\u00edsta Beatriz Paredes destaca que con el Dr. Pech, hay motivos para pensar que se elevar\u00e1 el nivel del debate en las elecciones en Quintana Roo Ciudad de M\u00e9xico, 01 de marzo de 2022.- Con palabras [&hellip;]<\/p>\n","protected":false},"author":1,"featured_media":199298,"comment_status":"open","ping_status":"open","sticky":false,"template":"","format":"standard","meta":{"footnotes":""},"categories":[8,3],"tags":[],"class_list":["post-199297","post","type-post","status-publish","format-standard","has-post-thumbnail","hentry","category-pais","category-quintana-roo","entry","has-media"],"jetpack_featured_media_url":"http:\/\/vertienteglobal.com\/wp-content\/uploads\/2022\/03\/20220301_221010.jpg","_links":{"self":[{"href":"http:\/\/vertienteglobal.com\/index.php?rest_route=\/wp\/v2\/posts\/199297","targetHints":{"allow":["GET"]}}],"collection":[{"href":"http:\/\/vertienteglobal.com\/index.php?rest_route=\/wp\/v2\/posts"}],"about":[{"href":"http:\/\/vertienteglobal.com\/index.php?rest_route=\/wp\/v2\/types\/post"}],"author":[{"embeddable":true,"href":"http:\/\/vertienteglobal.com\/index.php?rest_route=\/wp\/v2\/users\/1"}],"replies":[{"embeddable":true,"href":"http:\/\/vertienteglobal.com\/index.php?rest_route=%2Fwp%2Fv2%2Fcomments&post=199297"}],"version-history":[{"count":0,"href":"http:\/\/vertienteglobal.com\/index.php?rest_route=\/wp\/v2\/posts\/199297\/revisions"}],"wp:featuredmedia":[{"embeddable":true,"href":"http:\/\/vertienteglobal.com\/index.php?rest_route=\/wp\/v2\/media\/199298"}],"wp:attachment":[{"href":"http:\/\/vertienteglobal.com\/index.php?rest_route=%2Fwp%2Fv2%2Fmedia&parent=199297"}],"wp:term":[{"taxonomy":"category","embeddable":true,"href":"http:\/\/vertienteglobal.com\/index.php?rest_route=%2Fwp%2Fv2%2Fcategories&post=199297"},{"taxonomy":"post_tag","embeddable":true,"href":"http:\/\/vertienteglobal.com\/index.php?rest_route=%2Fwp%2Fv2%2Ftags&post=199297"}],"curies":[{"name":"wp","href":"https:\/\/api.w.org\/{rel}","templated":true}]}}