{"id":199125,"date":"2022-02-28T08:51:00","date_gmt":"2022-02-28T14:51:00","guid":{"rendered":"http:\/\/vertienteglobal.com\/?p=199125"},"modified":"2022-02-28T11:21:38","modified_gmt":"2022-02-28T17:21:38","slug":"amlo-afirma-que-fue-malinterpretado-el-video-donde-senala-que-cerrara-su-ciclo","status":"publish","type":"post","link":"http:\/\/vertienteglobal.com\/?p=199125","title":{"rendered":"AMLO afirma que fue malinterpretado el video donde se\u00f1ala que cerrar\u00e1 su ciclo"},"content":{"rendered":"\n<div class=\"twitterbutton\" style=\"float: right; padding-left: 5px;\"><a href=\"http:\/\/twitter.com\/share\" class=\"twitter-share-button\" data-count=\"horizontal\" data-text=\"AMLO afirma que fue malinterpretado el video donde se\u00f1ala que cerrar\u00e1 su ciclo\" data-via=\"https:\/\/twitter.com\/VertienteGloba1\" data-url=\"http:\/\/vertienteglobal.com\/?p=199125\" data-lang=\"es\" data-related=\"Informaci\u00f3n general:S\u00edguenos para que est\u00e9ss informado\"><\/a><\/div>\n<figure class=\"wp-block-image size-large\"><img loading=\"lazy\" decoding=\"async\" width=\"1012\" height=\"573\" src=\"http:\/\/vertienteglobal.com\/wp-content\/uploads\/2022\/02\/20220228_083745.jpg\" alt=\"\" class=\"wp-image-199126\" srcset=\"http:\/\/vertienteglobal.com\/wp-content\/uploads\/2022\/02\/20220228_083745.jpg 1012w, http:\/\/vertienteglobal.com\/wp-content\/uploads\/2022\/02\/20220228_083745-300x170.jpg 300w, http:\/\/vertienteglobal.com\/wp-content\/uploads\/2022\/02\/20220228_083745-150x85.jpg 150w, http:\/\/vertienteglobal.com\/wp-content\/uploads\/2022\/02\/20220228_083745-768x435.jpg 768w\" sizes=\"auto, (max-width: 1012px) 100vw, 1012px\" \/><\/figure>\n\n\n\n<p>(Redacci\u00f3n)<\/p>\n\n\n\n<p>L\u00f3pez Obrador denunci\u00f3 que los medios de comunicaci\u00f3n manipularon su frase de \u201cya no puedo m\u00e1s\u201c y que cerrar\u00eda su ciclo, la cual habr\u00eda mencionado durante un recorrido con la prensa en Palacio Nacional la semana pasada<\/p>\n\n\n\n<p>Ciudad de M\u00e9xico 28 de febrero de 2022.-El presidente de M\u00e9xico, Andr\u00e9s Manuel L\u00f3pez Obrador, asegur\u00f3 que medios manipularon su frase de \u201cya no puedo m\u00e1s\u201c, la cual dijo en un recorrido con reporteros por Palacio Nacional.<\/p>\n\n\n\n<p>Y es que en la conferencia de prensa matutina de este lunes, el presidente Andr\u00e9s Manuel L\u00f3pez Obrador denunci\u00f3 que los medios de comunicaci\u00f3n manipularon su frase de \u201cya no puedo m\u00e1s\u201c y que cerrar\u00eda su ciclo, la cual habr\u00eda mencionado durante un recorrido con la prensa en Palacio Nacional la semana pasada.<\/p>\n\n\n\n<p>En la conferencia matutina, L\u00f3pez Obrador asegur\u00f3 que los opositores est\u00e1n utilizando cualquier cosa para afectar a su Gobierno.<\/p>\n\n\n\n<p>\u201cEs parte de la manipulaci\u00f3n que estamos padeciendo en general, es un momento, un tiempo decadente, en el manejo informativo, no solo en este caso sino en todo, en el manejo por ejemplo e la intervenci\u00f3n de Rusia a Ucrania hay pero mentiras al por mayor, notas falsas, im\u00e1genes falsas, es una verg\u00fcenza\u201d, dijo.(Fuente: L\u00f3pezD\u00f3riga)<\/p>\n","protected":false},"excerpt":{"rendered":"<p>(Redacci\u00f3n) L\u00f3pez Obrador denunci\u00f3 que los medios de comunicaci\u00f3n manipularon su frase de \u201cya no puedo m\u00e1s\u201c y que cerrar\u00eda su ciclo, la cual habr\u00eda mencionado durante un recorrido con la prensa en Palacio Nacional la semana pasada Ciudad de M\u00e9xico 28 de febrero de 2022.-El presidente de M\u00e9xico, Andr\u00e9s Manuel L\u00f3pez Obrador, asegur\u00f3 que [&hellip;]<\/p>\n","protected":false},"author":1,"featured_media":199126,"comment_status":"open","ping_status":"open","sticky":false,"template":"","format":"standard","meta":{"footnotes":""},"categories":[8],"tags":[],"class_list":["post-199125","post","type-post","status-publish","format-standard","has-post-thumbnail","hentry","category-pais","entry","has-media"],"jetpack_featured_media_url":"http:\/\/vertienteglobal.com\/wp-content\/uploads\/2022\/02\/20220228_083745.jpg","_links":{"self":[{"href":"http:\/\/vertienteglobal.com\/index.php?rest_route=\/wp\/v2\/posts\/199125","targetHints":{"allow":["GET"]}}],"collection":[{"href":"http:\/\/vertienteglobal.com\/index.php?rest_route=\/wp\/v2\/posts"}],"about":[{"href":"http:\/\/vertienteglobal.com\/index.php?rest_route=\/wp\/v2\/types\/post"}],"author":[{"embeddable":true,"href":"http:\/\/vertienteglobal.com\/index.php?rest_route=\/wp\/v2\/users\/1"}],"replies":[{"embeddable":true,"href":"http:\/\/vertienteglobal.com\/index.php?rest_route=%2Fwp%2Fv2%2Fcomments&post=199125"}],"version-history":[{"count":0,"href":"http:\/\/vertienteglobal.com\/index.php?rest_route=\/wp\/v2\/posts\/199125\/revisions"}],"wp:featuredmedia":[{"embeddable":true,"href":"http:\/\/vertienteglobal.com\/index.php?rest_route=\/wp\/v2\/media\/199126"}],"wp:attachment":[{"href":"http:\/\/vertienteglobal.com\/index.php?rest_route=%2Fwp%2Fv2%2Fmedia&parent=199125"}],"wp:term":[{"taxonomy":"category","embeddable":true,"href":"http:\/\/vertienteglobal.com\/index.php?rest_route=%2Fwp%2Fv2%2Fcategories&post=199125"},{"taxonomy":"post_tag","embeddable":true,"href":"http:\/\/vertienteglobal.com\/index.php?rest_route=%2Fwp%2Fv2%2Ftags&post=199125"}],"curies":[{"name":"wp","href":"https:\/\/api.w.org\/{rel}","templated":true}]}}