{"id":199067,"date":"2022-02-27T16:40:08","date_gmt":"2022-02-27T22:40:08","guid":{"rendered":"http:\/\/vertienteglobal.com\/?p=199067"},"modified":"2022-02-28T05:41:28","modified_gmt":"2022-02-28T11:41:28","slug":"gobierno-del-estado-de-yucatan-tendra-servicios-disponibles-este-01-de-marzo","status":"publish","type":"post","link":"http:\/\/vertienteglobal.com\/?p=199067","title":{"rendered":"Gobierno del Estado de Yucat\u00e1n tendr\u00e1 servicios disponibles este 01 de marzo"},"content":{"rendered":"\n<div class=\"twitterbutton\" style=\"float: right; padding-left: 5px;\"><a href=\"http:\/\/twitter.com\/share\" class=\"twitter-share-button\" data-count=\"horizontal\" data-text=\"Gobierno del Estado de Yucat\u00e1n tendr\u00e1 servicios disponibles este 01 de marzo\" data-via=\"https:\/\/twitter.com\/VertienteGloba1\" data-url=\"http:\/\/vertienteglobal.com\/?p=199067\" data-lang=\"es\" data-related=\"Informaci\u00f3n general:S\u00edguenos para que est\u00e9ss informado\"><\/a><\/div>\n<figure class=\"wp-block-image size-large\"><img loading=\"lazy\" decoding=\"async\" width=\"550\" height=\"330\" src=\"http:\/\/vertienteglobal.com\/wp-content\/uploads\/2022\/02\/palacio-de-gobierno-del-550x330-1.jpg\" alt=\"\" class=\"wp-image-199068\" srcset=\"http:\/\/vertienteglobal.com\/wp-content\/uploads\/2022\/02\/palacio-de-gobierno-del-550x330-1.jpg 550w, http:\/\/vertienteglobal.com\/wp-content\/uploads\/2022\/02\/palacio-de-gobierno-del-550x330-1-300x180.jpg 300w, http:\/\/vertienteglobal.com\/wp-content\/uploads\/2022\/02\/palacio-de-gobierno-del-550x330-1-150x90.jpg 150w\" sizes=\"auto, (max-width: 550px) 100vw, 550px\" \/><\/figure>\n\n\n\n<p>(Redacci\u00f3n)<\/p>\n\n\n\n<p>Ante el pr\u00f3ximo d\u00eda feriado, dependencias mantendr\u00e1n programas y atenciones esenciales<\/p>\n\n\n\n<p>M\u00e9rida, Yucat\u00e1n, 27 de febrero de 2022.- El pr\u00f3ximo martes 1 de marzo ser\u00e1 feriado para muchas personas, por costumbre con motivo del Carnaval, pero el Gobierno del Estado se mantiene firme en su compromiso con brindar todos los servicios esenciales a la ciudadan\u00eda.<\/p>\n\n\n\n<p>En ese sentido, los hospitales de la Secretar\u00eda de Salud (SSY) estar\u00e1n a disposici\u00f3n de la poblaci\u00f3n, a trav\u00e9s del personal que cubre guardias en d\u00edas festivos, especialmente en urgencias, y la de Desarrollo Social (Sedesol) inform\u00f3 que \u201cM\u00e9dico 24\/7\u201d funcionar\u00e1 en sus horarios habituales para cada municipio.<\/p>\n\n\n\n<p>La Junta de Agua Potable y Alcantarillado (Japay) anunci\u00f3 que laborar\u00e1n sus m\u00f3dulos; las y los usuarios pueden pagar, con la aplicaci\u00f3n o en t.co\/fUTxEedk0O, y para reportar fugas, el tel\u00e9fono (999) 930 34 50, extensi\u00f3n 25020, est\u00e1 disponible las 24 horas de los 365 d\u00edas del a\u00f1o.<\/p>\n\n\n\n<p>A su vez, el Sistema para el Desarrollo Integral de la Familia (DIF) mantendr\u00e1 en operaci\u00f3n la Procuradur\u00eda de Protecci\u00f3n de Ni\u00f1as, Ni\u00f1os y Adolescentes (Prodennay), para las diligencias que se requiera, as\u00ed como el Centro de Atenci\u00f3n Integral al Menor en Desamparo (Caimede).<\/p>\n\n\n\n<p>Tambi\u00e9n, el Programa de Atenci\u00f3n a Personas Adultas Mayores, del Departamento de Atenci\u00f3n a la Infancia y Familia (DAIF), recibir\u00e1 denuncias sobre situaciones de riesgo o vulnerabilidad de este sector, por las l\u00edneas 0-8-9 y 9-1-1 o el correo adultom.familia@yucatan.gob.mx.<\/p>\n\n\n\n<p>Con tal de brindar atenci\u00f3n jur\u00eddica, psicol\u00f3gica y de trabajo social a quienes lo requieran, la Secretar\u00eda de las Mujeres (Semujeres) implementar\u00e1 guardias de 8:00 a 20:00 horas, y cuenta con los n\u00fameros (999) 923 37 11 y 923 37 19 o su perfil oficial en Facebook, para canalizaci\u00f3n inmediata.<\/p>\n\n\n\n<p>Mantendr\u00e1 vinculaci\u00f3n con la de Seguridad P\u00fablica (SSP) para responder oportunamente a cualquier emergencia y, el martes 2 de marzo, reanudar\u00e1 actividades en sus instalaciones centrales, de 8:00 a 20:00 y los Centros Regionales Violeta de 8:00 a 15:00.<\/p>\n\n\n\n<p>Por su parte, el Instituto de Seguridad Social de los Trabajadores del Estado (Isstey) comunica que, aunque no laborar\u00e1n sus oficinas generales ni los Centros de Atenci\u00f3n Infantil, abrir\u00e1 su Tienda ubicada en la calle 60 del Centro Hist\u00f3rico de M\u00e9rida, en su horario normal, de 7:00 a 21:00.<br>Finalmente, la Agencia de Administraci\u00f3n Fiscal (AAFY) adelant\u00f3 que, ese d\u00eda, no laborar\u00e1n sus unidades recaudadoras.<\/p>\n","protected":false},"excerpt":{"rendered":"<p>(Redacci\u00f3n) Ante el pr\u00f3ximo d\u00eda feriado, dependencias mantendr\u00e1n programas y atenciones esenciales M\u00e9rida, Yucat\u00e1n, 27 de febrero de 2022.- El pr\u00f3ximo martes 1 de marzo ser\u00e1 feriado para muchas personas, por costumbre con motivo del Carnaval, pero el Gobierno del Estado se mantiene firme en su compromiso con brindar todos los servicios esenciales a la [&hellip;]<\/p>\n","protected":false},"author":1,"featured_media":199068,"comment_status":"open","ping_status":"open","sticky":false,"template":"","format":"standard","meta":{"footnotes":""},"categories":[2],"tags":[],"class_list":["post-199067","post","type-post","status-publish","format-standard","has-post-thumbnail","hentry","category-yucatan","entry","has-media"],"jetpack_featured_media_url":"http:\/\/vertienteglobal.com\/wp-content\/uploads\/2022\/02\/palacio-de-gobierno-del-550x330-1.jpg","_links":{"self":[{"href":"http:\/\/vertienteglobal.com\/index.php?rest_route=\/wp\/v2\/posts\/199067","targetHints":{"allow":["GET"]}}],"collection":[{"href":"http:\/\/vertienteglobal.com\/index.php?rest_route=\/wp\/v2\/posts"}],"about":[{"href":"http:\/\/vertienteglobal.com\/index.php?rest_route=\/wp\/v2\/types\/post"}],"author":[{"embeddable":true,"href":"http:\/\/vertienteglobal.com\/index.php?rest_route=\/wp\/v2\/users\/1"}],"replies":[{"embeddable":true,"href":"http:\/\/vertienteglobal.com\/index.php?rest_route=%2Fwp%2Fv2%2Fcomments&post=199067"}],"version-history":[{"count":0,"href":"http:\/\/vertienteglobal.com\/index.php?rest_route=\/wp\/v2\/posts\/199067\/revisions"}],"wp:featuredmedia":[{"embeddable":true,"href":"http:\/\/vertienteglobal.com\/index.php?rest_route=\/wp\/v2\/media\/199068"}],"wp:attachment":[{"href":"http:\/\/vertienteglobal.com\/index.php?rest_route=%2Fwp%2Fv2%2Fmedia&parent=199067"}],"wp:term":[{"taxonomy":"category","embeddable":true,"href":"http:\/\/vertienteglobal.com\/index.php?rest_route=%2Fwp%2Fv2%2Fcategories&post=199067"},{"taxonomy":"post_tag","embeddable":true,"href":"http:\/\/vertienteglobal.com\/index.php?rest_route=%2Fwp%2Fv2%2Ftags&post=199067"}],"curies":[{"name":"wp","href":"https:\/\/api.w.org\/{rel}","templated":true}]}}