{"id":199001,"date":"2022-02-25T09:19:00","date_gmt":"2022-02-25T15:19:00","guid":{"rendered":"http:\/\/vertienteglobal.com\/?p=199001"},"modified":"2022-02-25T09:45:21","modified_gmt":"2022-02-25T15:45:21","slug":"esto-pasa-con-la-cuenta-de-whatsapp-de-una-persona-fallecida","status":"publish","type":"post","link":"http:\/\/vertienteglobal.com\/?p=199001","title":{"rendered":"Esto pasa con la cuenta de WhatsApp de una persona fallecida"},"content":{"rendered":"\n<div class=\"twitterbutton\" style=\"float: right; padding-left: 5px;\"><a href=\"http:\/\/twitter.com\/share\" class=\"twitter-share-button\" data-count=\"horizontal\" data-text=\"Esto pasa con la cuenta de WhatsApp de una persona fallecida\" data-via=\"https:\/\/twitter.com\/VertienteGloba1\" data-url=\"http:\/\/vertienteglobal.com\/?p=199001\" data-lang=\"es\" data-related=\"Informaci\u00f3n general:S\u00edguenos para que est\u00e9ss informado\"><\/a><\/div>\n<figure class=\"wp-block-image size-large\"><img loading=\"lazy\" decoding=\"async\" width=\"1024\" height=\"682\" src=\"http:\/\/vertienteglobal.com\/wp-content\/uploads\/2022\/02\/1202728.jpg\" alt=\"\" class=\"wp-image-199002\" srcset=\"http:\/\/vertienteglobal.com\/wp-content\/uploads\/2022\/02\/1202728.jpg 1024w, http:\/\/vertienteglobal.com\/wp-content\/uploads\/2022\/02\/1202728-300x200.jpg 300w, http:\/\/vertienteglobal.com\/wp-content\/uploads\/2022\/02\/1202728-150x100.jpg 150w, http:\/\/vertienteglobal.com\/wp-content\/uploads\/2022\/02\/1202728-768x512.jpg 768w\" sizes=\"auto, (max-width: 1024px) 100vw, 1024px\" \/><\/figure>\n\n\n\n<p>(Redacci\u00f3n)<\/p>\n\n\n\n<p>De acuerdo con expertos, una vez que la persona pierde la vida, la propia aplicaci\u00f3n se encarga de desactivar la cuenta luego de 120 d\u00edas de inactividad<\/p>\n\n\n\n<p>Ciudad de M\u00e9xico, 25 de febrero de 2022.-Hay varias personas que tienen contactos agregados a su WhatsApp que desafortunadamente pierden la vida.<\/p>\n\n\n\n<p>Pero\u2026 \u00bfQu\u00e9 pasa con la cuenta de WhatsApp de la persona que muri\u00f3?<\/p>\n\n\n\n<p>De acuerdo con expertos, una vez que la persona pierde la vida, la propia aplicaci\u00f3n se encarga de desactivar la cuenta luego de 120 d\u00edas de inactividad.<\/p>\n\n\n\n<p>Asimismo, detallaron que si una persona no quiere esperar a que WhatsApp elimine la cuenta de forma autom\u00e1tica al no utilizarla, se puede hacer de manera manual en la opci\u00f3n de Ajustes.(Fuente: Noticieros Televis)<\/p>\n","protected":false},"excerpt":{"rendered":"<p>(Redacci\u00f3n) De acuerdo con expertos, una vez que la persona pierde la vida, la propia aplicaci\u00f3n se encarga de desactivar la cuenta luego de 120 d\u00edas de inactividad Ciudad de M\u00e9xico, 25 de febrero de 2022.-Hay varias personas que tienen contactos agregados a su WhatsApp que desafortunadamente pierden la vida. Pero\u2026 \u00bfQu\u00e9 pasa con la [&hellip;]<\/p>\n","protected":false},"author":1,"featured_media":199002,"comment_status":"open","ping_status":"open","sticky":false,"template":"","format":"standard","meta":{"footnotes":""},"categories":[8],"tags":[],"class_list":["post-199001","post","type-post","status-publish","format-standard","has-post-thumbnail","hentry","category-pais","entry","has-media"],"jetpack_featured_media_url":"http:\/\/vertienteglobal.com\/wp-content\/uploads\/2022\/02\/1202728.jpg","_links":{"self":[{"href":"http:\/\/vertienteglobal.com\/index.php?rest_route=\/wp\/v2\/posts\/199001","targetHints":{"allow":["GET"]}}],"collection":[{"href":"http:\/\/vertienteglobal.com\/index.php?rest_route=\/wp\/v2\/posts"}],"about":[{"href":"http:\/\/vertienteglobal.com\/index.php?rest_route=\/wp\/v2\/types\/post"}],"author":[{"embeddable":true,"href":"http:\/\/vertienteglobal.com\/index.php?rest_route=\/wp\/v2\/users\/1"}],"replies":[{"embeddable":true,"href":"http:\/\/vertienteglobal.com\/index.php?rest_route=%2Fwp%2Fv2%2Fcomments&post=199001"}],"version-history":[{"count":0,"href":"http:\/\/vertienteglobal.com\/index.php?rest_route=\/wp\/v2\/posts\/199001\/revisions"}],"wp:featuredmedia":[{"embeddable":true,"href":"http:\/\/vertienteglobal.com\/index.php?rest_route=\/wp\/v2\/media\/199002"}],"wp:attachment":[{"href":"http:\/\/vertienteglobal.com\/index.php?rest_route=%2Fwp%2Fv2%2Fmedia&parent=199001"}],"wp:term":[{"taxonomy":"category","embeddable":true,"href":"http:\/\/vertienteglobal.com\/index.php?rest_route=%2Fwp%2Fv2%2Fcategories&post=199001"},{"taxonomy":"post_tag","embeddable":true,"href":"http:\/\/vertienteglobal.com\/index.php?rest_route=%2Fwp%2Fv2%2Ftags&post=199001"}],"curies":[{"name":"wp","href":"https:\/\/api.w.org\/{rel}","templated":true}]}}