{"id":198921,"date":"2022-02-24T08:51:00","date_gmt":"2022-02-24T14:51:00","guid":{"rendered":"http:\/\/vertienteglobal.com\/?p=198921"},"modified":"2022-02-24T12:10:17","modified_gmt":"2022-02-24T18:10:17","slug":"no-estamos-a-favor-de-ninguna-guerra-dice-amlo-sobre-conflicto-en-ucrania","status":"publish","type":"post","link":"http:\/\/vertienteglobal.com\/?p=198921","title":{"rendered":"No estamos a favor de ninguna guerra\u201d, dice AMLO sobre conflicto en Ucrania"},"content":{"rendered":"\n<div class=\"twitterbutton\" style=\"float: right; padding-left: 5px;\"><a href=\"http:\/\/twitter.com\/share\" class=\"twitter-share-button\" data-count=\"horizontal\" data-text=\"No estamos a favor de ninguna guerra\u201d, dice AMLO sobre conflicto en Ucrania\" data-via=\"https:\/\/twitter.com\/VertienteGloba1\" data-url=\"http:\/\/vertienteglobal.com\/?p=198921\" data-lang=\"es\" data-related=\"Informaci\u00f3n general:S\u00edguenos para que est\u00e9ss informado\"><\/a><\/div>\n<figure class=\"wp-block-image size-large\"><img loading=\"lazy\" decoding=\"async\" width=\"1011\" height=\"568\" src=\"http:\/\/vertienteglobal.com\/wp-content\/uploads\/2022\/02\/20220224_130652.jpg\" alt=\"\" class=\"wp-image-198922\" srcset=\"http:\/\/vertienteglobal.com\/wp-content\/uploads\/2022\/02\/20220224_130652.jpg 1011w, http:\/\/vertienteglobal.com\/wp-content\/uploads\/2022\/02\/20220224_130652-300x169.jpg 300w, http:\/\/vertienteglobal.com\/wp-content\/uploads\/2022\/02\/20220224_130652-150x84.jpg 150w, http:\/\/vertienteglobal.com\/wp-content\/uploads\/2022\/02\/20220224_130652-768x431.jpg 768w\" sizes=\"auto, (max-width: 1011px) 100vw, 1011px\" \/><\/figure>\n\n\n\n<p>(Redacci\u00f3n)<\/p>\n\n\n\n<p>Sobre el conflicto entre Ucrania y Rusia, agreg\u00f3 que M\u00e9xico es una naci\u00f3n que siempre se ha pronunciado por la paz y la soluci\u00f3n pac\u00edfica de las controversias\u201d<\/p>\n\n\n\n<p>Ciudad de M\u00e9xico a 24 de febrero de 2022.-El presidente de M\u00e9xico, Andr\u00e9s Manuel L\u00f3pez Obrador, afirm\u00f3 que el pa\u00eds seguir\u00e1 conduci\u00e9ndose bajo sus principios de pol\u00edtica exterior de no intervenci\u00f3n y autodeterminaci\u00f3n de los pueblos.<\/p>\n\n\n\n<p>Y es que en la conferencia de prensa ma\u00f1anera, L\u00f3pez Obrador aclar\u00f3 que el pa\u00eds est\u00e1 en contra de la guerra, a favor del di\u00e1logo y de la soluci\u00f3n pac\u00edfica de las controversias.<\/p>\n\n\n\n<p>\u201cQue haya di\u00e1logo, no queremos guerra en ning\u00fan lado, no queremos que la gente sufra, que la poblaci\u00f3n civil sea afectada, no queremos la confrontaci\u00f3n\u201d, expres\u00f3 en el sal\u00f3n Tesorer\u00eda de Palacio Nacional.<\/p>\n\n\n\n<p>Al ser cuestionado sobre el conflicto entre Ucrania y Rusia, agreg\u00f3 que M\u00e9xico es una naci\u00f3n que siempre se ha pronunciado por la paz y la soluci\u00f3n pac\u00edfica de las controversias\u201d.(Fuente: Reporte \u00cdndigo)<\/p>\n","protected":false},"excerpt":{"rendered":"<p>(Redacci\u00f3n) Sobre el conflicto entre Ucrania y Rusia, agreg\u00f3 que M\u00e9xico es una naci\u00f3n que siempre se ha pronunciado por la paz y la soluci\u00f3n pac\u00edfica de las controversias\u201d Ciudad de M\u00e9xico a 24 de febrero de 2022.-El presidente de M\u00e9xico, Andr\u00e9s Manuel L\u00f3pez Obrador, afirm\u00f3 que el pa\u00eds seguir\u00e1 conduci\u00e9ndose bajo sus principios de [&hellip;]<\/p>\n","protected":false},"author":1,"featured_media":198922,"comment_status":"open","ping_status":"open","sticky":false,"template":"","format":"standard","meta":{"footnotes":""},"categories":[8],"tags":[],"class_list":["post-198921","post","type-post","status-publish","format-standard","has-post-thumbnail","hentry","category-pais","entry","has-media"],"jetpack_featured_media_url":"http:\/\/vertienteglobal.com\/wp-content\/uploads\/2022\/02\/20220224_130652.jpg","_links":{"self":[{"href":"http:\/\/vertienteglobal.com\/index.php?rest_route=\/wp\/v2\/posts\/198921","targetHints":{"allow":["GET"]}}],"collection":[{"href":"http:\/\/vertienteglobal.com\/index.php?rest_route=\/wp\/v2\/posts"}],"about":[{"href":"http:\/\/vertienteglobal.com\/index.php?rest_route=\/wp\/v2\/types\/post"}],"author":[{"embeddable":true,"href":"http:\/\/vertienteglobal.com\/index.php?rest_route=\/wp\/v2\/users\/1"}],"replies":[{"embeddable":true,"href":"http:\/\/vertienteglobal.com\/index.php?rest_route=%2Fwp%2Fv2%2Fcomments&post=198921"}],"version-history":[{"count":0,"href":"http:\/\/vertienteglobal.com\/index.php?rest_route=\/wp\/v2\/posts\/198921\/revisions"}],"wp:featuredmedia":[{"embeddable":true,"href":"http:\/\/vertienteglobal.com\/index.php?rest_route=\/wp\/v2\/media\/198922"}],"wp:attachment":[{"href":"http:\/\/vertienteglobal.com\/index.php?rest_route=%2Fwp%2Fv2%2Fmedia&parent=198921"}],"wp:term":[{"taxonomy":"category","embeddable":true,"href":"http:\/\/vertienteglobal.com\/index.php?rest_route=%2Fwp%2Fv2%2Fcategories&post=198921"},{"taxonomy":"post_tag","embeddable":true,"href":"http:\/\/vertienteglobal.com\/index.php?rest_route=%2Fwp%2Fv2%2Ftags&post=198921"}],"curies":[{"name":"wp","href":"https:\/\/api.w.org\/{rel}","templated":true}]}}