{"id":198894,"date":"2022-02-23T17:43:00","date_gmt":"2022-02-23T23:43:00","guid":{"rendered":"http:\/\/vertienteglobal.com\/?p=198894"},"modified":"2022-02-23T20:45:44","modified_gmt":"2022-02-24T02:45:44","slug":"ya-viene-el-ultimo-fin-de-semana-largo-de-febrero","status":"publish","type":"post","link":"http:\/\/vertienteglobal.com\/?p=198894","title":{"rendered":"Ya viene el \u00faltimo fin de semana largo de febrero"},"content":{"rendered":"\n<div class=\"twitterbutton\" style=\"float: right; padding-left: 5px;\"><a href=\"http:\/\/twitter.com\/share\" class=\"twitter-share-button\" data-count=\"horizontal\" data-text=\"Ya viene el \u00faltimo fin de semana largo de febrero\" data-via=\"https:\/\/twitter.com\/VertienteGloba1\" data-url=\"http:\/\/vertienteglobal.com\/?p=198894\" data-lang=\"es\" data-related=\"Informaci\u00f3n general:S\u00edguenos para que est\u00e9ss informado\"><\/a><\/div>\n<figure class=\"wp-block-image size-large\"><img loading=\"lazy\" decoding=\"async\" width=\"660\" height=\"330\" src=\"http:\/\/vertienteglobal.com\/wp-content\/uploads\/2022\/02\/2718096-1-660x330-1.jpg\" alt=\"\" class=\"wp-image-198895\" srcset=\"http:\/\/vertienteglobal.com\/wp-content\/uploads\/2022\/02\/2718096-1-660x330-1.jpg 660w, http:\/\/vertienteglobal.com\/wp-content\/uploads\/2022\/02\/2718096-1-660x330-1-300x150.jpg 300w, http:\/\/vertienteglobal.com\/wp-content\/uploads\/2022\/02\/2718096-1-660x330-1-150x75.jpg 150w\" sizes=\"auto, (max-width: 660px) 100vw, 660px\" \/><\/figure>\n\n\n\n<p>(Redacci\u00f3n)<\/p>\n\n\n\n<p><em><strong>Te decimos qui\u00e9nes descansan este viernes y por qu\u00e9 retoman sus actividades hasta el lunes 28 de febrero; adem\u00e1s ve cu\u00e1les son los pr\u00f3ximos asuetos del mes de marzo<\/strong><\/em><\/p>\n\n\n\n<p>Ciudad de M\u00e9xico, 23 de febrero de 2022.-\u00bfA qui\u00e9n no le cae bien un descanso despu\u00e9s de semanas de estudios y ex\u00e1menes? Hay que aprovechar porque esta semana se disfruta el \u00faltimo fin de semana largo de febrero.<\/p>\n\n\n\n<p>De acuerdo con el calendario 2022 de la Secretar\u00eda de Educaci\u00f3n P\u00fablica (SEP), los estudiantes de educaci\u00f3n b\u00e1sica de las escuelas p\u00fablicas descansan este viernes 25 de febrero, debido a que los docentes realizan la junta de Consejo T\u00e9cnico, que se programa para el \u00faltimo viernes de cada mes.<\/p>\n\n\n\n<p>As\u00ed, las clases concluir\u00e1n el jueves 24 de febrero y los alumnos extender\u00e1n su fin de semana a partir del viernes 25, para regresar a las aulas el \u00faltimo d\u00eda del mes: el 28 de febrero.<\/p>\n\n\n\n<p>\u00bfCu\u00e1les son los fines de semana largos de marzo?<\/p>\n\n\n\n<p>Marzo tambi\u00e9n tendr\u00e1 fines de semana largos. El lunes 21 de marzo habr\u00e1 suspensi\u00f3n de labores en las escuelas de educaci\u00f3n b\u00e1sica, en conmemoraci\u00f3n del natalicio de Benito Ju\u00e1rez.<\/p>\n\n\n\n<p>En esa semana tambi\u00e9n se realiza la junta de Consejo T\u00e9cnico por lo que los estudiantes s\u00f3lo acudir\u00e1n tres d\u00edas a las aulas, debido a que no se presentan el viernes 25 de marzo.(Fuente:Excelsior)<\/p>\n","protected":false},"excerpt":{"rendered":"<p>(Redacci\u00f3n) Te decimos qui\u00e9nes descansan este viernes y por qu\u00e9 retoman sus actividades hasta el lunes 28 de febrero; adem\u00e1s ve cu\u00e1les son los pr\u00f3ximos asuetos del mes de marzo Ciudad de M\u00e9xico, 23 de febrero de 2022.-\u00bfA qui\u00e9n no le cae bien un descanso despu\u00e9s de semanas de estudios y ex\u00e1menes? Hay que aprovechar [&hellip;]<\/p>\n","protected":false},"author":1,"featured_media":198895,"comment_status":"open","ping_status":"open","sticky":false,"template":"","format":"standard","meta":{"footnotes":""},"categories":[9,8],"tags":[],"class_list":["post-198894","post","type-post","status-publish","format-standard","has-post-thumbnail","hentry","category-educacion","category-pais","entry","has-media"],"jetpack_featured_media_url":"http:\/\/vertienteglobal.com\/wp-content\/uploads\/2022\/02\/2718096-1-660x330-1.jpg","_links":{"self":[{"href":"http:\/\/vertienteglobal.com\/index.php?rest_route=\/wp\/v2\/posts\/198894","targetHints":{"allow":["GET"]}}],"collection":[{"href":"http:\/\/vertienteglobal.com\/index.php?rest_route=\/wp\/v2\/posts"}],"about":[{"href":"http:\/\/vertienteglobal.com\/index.php?rest_route=\/wp\/v2\/types\/post"}],"author":[{"embeddable":true,"href":"http:\/\/vertienteglobal.com\/index.php?rest_route=\/wp\/v2\/users\/1"}],"replies":[{"embeddable":true,"href":"http:\/\/vertienteglobal.com\/index.php?rest_route=%2Fwp%2Fv2%2Fcomments&post=198894"}],"version-history":[{"count":0,"href":"http:\/\/vertienteglobal.com\/index.php?rest_route=\/wp\/v2\/posts\/198894\/revisions"}],"wp:featuredmedia":[{"embeddable":true,"href":"http:\/\/vertienteglobal.com\/index.php?rest_route=\/wp\/v2\/media\/198895"}],"wp:attachment":[{"href":"http:\/\/vertienteglobal.com\/index.php?rest_route=%2Fwp%2Fv2%2Fmedia&parent=198894"}],"wp:term":[{"taxonomy":"category","embeddable":true,"href":"http:\/\/vertienteglobal.com\/index.php?rest_route=%2Fwp%2Fv2%2Fcategories&post=198894"},{"taxonomy":"post_tag","embeddable":true,"href":"http:\/\/vertienteglobal.com\/index.php?rest_route=%2Fwp%2Fv2%2Ftags&post=198894"}],"curies":[{"name":"wp","href":"https:\/\/api.w.org\/{rel}","templated":true}]}}