{"id":198864,"date":"2022-02-22T20:38:40","date_gmt":"2022-02-23T02:38:40","guid":{"rendered":"http:\/\/vertienteglobal.com\/?p=198864"},"modified":"2022-02-23T12:48:19","modified_gmt":"2022-02-23T18:48:19","slug":"se-registra-jose-luis-pech-varguez-por-movimiento-ciudadano-para-la-gubernatura-ante-el-ieqroo","status":"publish","type":"post","link":"http:\/\/vertienteglobal.com\/?p=198864","title":{"rendered":"Se registra Jose Luis Pech V\u00e1rguez por Movimiento Ciudadano para la gubernatura ante el IEQROO"},"content":{"rendered":"\n<div class=\"twitterbutton\" style=\"float: right; padding-left: 5px;\"><a href=\"http:\/\/twitter.com\/share\" class=\"twitter-share-button\" data-count=\"horizontal\" data-text=\"Se registra Jose Luis Pech V\u00e1rguez por Movimiento Ciudadano para la gubernatura...\" data-via=\"https:\/\/twitter.com\/VertienteGloba1\" data-url=\"http:\/\/vertienteglobal.com\/?p=198864\" data-lang=\"es\" data-related=\"Informaci\u00f3n general:S\u00edguenos para que est\u00e9ss informado\"><\/a><\/div>\n<figure class=\"wp-block-image size-large\"><img loading=\"lazy\" decoding=\"async\" width=\"1024\" height=\"683\" src=\"http:\/\/vertienteglobal.com\/wp-content\/uploads\/2022\/02\/5d9347c1-dc2e-414d-a056-100d00dcfca2-1024x683.jpg\" alt=\"\" class=\"wp-image-198865\" srcset=\"http:\/\/vertienteglobal.com\/wp-content\/uploads\/2022\/02\/5d9347c1-dc2e-414d-a056-100d00dcfca2-1024x683.jpg 1024w, http:\/\/vertienteglobal.com\/wp-content\/uploads\/2022\/02\/5d9347c1-dc2e-414d-a056-100d00dcfca2-300x200.jpg 300w, http:\/\/vertienteglobal.com\/wp-content\/uploads\/2022\/02\/5d9347c1-dc2e-414d-a056-100d00dcfca2-150x100.jpg 150w, http:\/\/vertienteglobal.com\/wp-content\/uploads\/2022\/02\/5d9347c1-dc2e-414d-a056-100d00dcfca2-768x512.jpg 768w, http:\/\/vertienteglobal.com\/wp-content\/uploads\/2022\/02\/5d9347c1-dc2e-414d-a056-100d00dcfca2.jpg 1280w\" sizes=\"auto, (max-width: 1024px) 100vw, 1024px\" \/><\/figure>\n\n\n\n<p>(Redacci\u00f3n)<\/p>\n\n\n\n<p>El ex moreno hizo un llamado a rescatar el estado<\/p>\n\n\n\n<p>Chetumal, Quintana Roo a 22 de febrero de 2022.-Luego de tanto estira y afloja el Movimiento Ciudadano(MC) por fin pudo presentarse en las instalaciones del Instituto Electoral de Quintana Roo (Ieqroo) en Chetumal para poder llevar a cabo el registro de su candidato para la gubernatura de Quintana Roo.<\/p>\n\n\n\n<p>Pasadas las 18:30 horas del d\u00eda de ayer, el ex morenista Jos\u00e9 Luis Pech V\u00e1rguez arrib\u00f3 a las instalaciones del Ieqroo en compa\u00f1\u00eda de Dante Delgado, militantes y dem\u00e1s dirigentes del partido naranja para llevar a cabo la solicitud de registro de su candidatura para buscar nuevamente la gubernatura del estado.<\/p>\n\n\n\n<p>Vale resaltar que de obtener un dictamen favorable por parte del instituto electoral, esta ser\u00e1 la segunda ocasi\u00f3n en la que Pech contienda por las riendas del estado, pues lo hizo en el proceso electoral pasado, aunque en aquel entonces no le fue muy bien, sin embargo ahora conf\u00eda en cambiar la historia.<\/p>\n\n\n\n<p>Durante el proceso de registro, Pech Varguez se mostr\u00f3 con un gran optimismo, pues conf\u00eda en contar con el respaldo de la poblaci\u00f3n quintanarroense, por lo cual hizo un llamado para rescatar al estado y acabar con las malas pr\u00e1cticas.<\/p>\n\n\n\n<p>Por otra parte, el senador anticip\u00f3 que se encuentran definiendo el tema de la licencia que solicitar\u00e1 a principios de marzo para poder contender por la gubernatura, ya que la Ley Electoral marca que se debe de separar del cargo ostentado 90 d\u00edas antes de la elecci\u00f3n.<\/p>\n\n\n\n<p>Jos\u00e9 Luis Pech acudi\u00f3 la tarde de ayer a solicitar el registro de su candidatura ante el Ieqroo.<\/p>\n\n\n\n<p>Y aunque no quiso dar muchos detalles sobre el tiempo y que suceder\u00e1 con esa curul, Pech coment\u00f3 que ser\u00e1 su suplente, Rogelio M\u00e1rquez Valdivia quien asuma el puesto una vez que el presente su licencia para enfocarse de lleno en la contienda electoral.<\/p>\n\n\n\n<p>Cuestionado por diversos medios de comunicaci\u00f3n,  al respecto de las posibilidades con las que cuenta el todav\u00eda senador Jos\u00e9 Luis Pech en las elecciones del pr\u00f3ximo 5 de junio, el dirigente nacional del llamado Movimiento Naranja, Dante Delgado, resalt\u00f3 que existen muchas posibilidades de que su abanderado se lleve el triunfo, incluso se atrevi\u00f3 a afirmar que ser\u00e1 Pech el que tome las riendas de la entidad por los pr\u00f3ximos a\u00f1os.<\/p>\n\n\n\n<figure class=\"wp-block-image size-large\"><img loading=\"lazy\" decoding=\"async\" width=\"1024\" height=\"683\" src=\"http:\/\/vertienteglobal.com\/wp-content\/uploads\/2022\/02\/9adae722-d467-4605-ac58-3ab6a77ba298-1-1024x683.jpg\" alt=\"\" class=\"wp-image-198870\" srcset=\"http:\/\/vertienteglobal.com\/wp-content\/uploads\/2022\/02\/9adae722-d467-4605-ac58-3ab6a77ba298-1-1024x683.jpg 1024w, http:\/\/vertienteglobal.com\/wp-content\/uploads\/2022\/02\/9adae722-d467-4605-ac58-3ab6a77ba298-1-300x200.jpg 300w, http:\/\/vertienteglobal.com\/wp-content\/uploads\/2022\/02\/9adae722-d467-4605-ac58-3ab6a77ba298-1-150x100.jpg 150w, http:\/\/vertienteglobal.com\/wp-content\/uploads\/2022\/02\/9adae722-d467-4605-ac58-3ab6a77ba298-1-768x512.jpg 768w, http:\/\/vertienteglobal.com\/wp-content\/uploads\/2022\/02\/9adae722-d467-4605-ac58-3ab6a77ba298-1.jpg 1280w\" sizes=\"auto, (max-width: 1024px) 100vw, 1024px\" \/><\/figure>\n","protected":false},"excerpt":{"rendered":"<p>(Redacci\u00f3n) El ex moreno hizo un llamado a rescatar el estado Chetumal, Quintana Roo a 22 de febrero de 2022.-Luego de tanto estira y afloja el Movimiento Ciudadano(MC) por fin pudo presentarse en las instalaciones del Instituto Electoral de Quintana Roo (Ieqroo) en Chetumal para poder llevar a cabo el registro de su candidato para [&hellip;]<\/p>\n","protected":false},"author":1,"featured_media":198865,"comment_status":"open","ping_status":"open","sticky":false,"template":"","format":"standard","meta":{"footnotes":""},"categories":[3],"tags":[],"class_list":["post-198864","post","type-post","status-publish","format-standard","has-post-thumbnail","hentry","category-quintana-roo","entry","has-media"],"jetpack_featured_media_url":"http:\/\/vertienteglobal.com\/wp-content\/uploads\/2022\/02\/5d9347c1-dc2e-414d-a056-100d00dcfca2.jpg","_links":{"self":[{"href":"http:\/\/vertienteglobal.com\/index.php?rest_route=\/wp\/v2\/posts\/198864","targetHints":{"allow":["GET"]}}],"collection":[{"href":"http:\/\/vertienteglobal.com\/index.php?rest_route=\/wp\/v2\/posts"}],"about":[{"href":"http:\/\/vertienteglobal.com\/index.php?rest_route=\/wp\/v2\/types\/post"}],"author":[{"embeddable":true,"href":"http:\/\/vertienteglobal.com\/index.php?rest_route=\/wp\/v2\/users\/1"}],"replies":[{"embeddable":true,"href":"http:\/\/vertienteglobal.com\/index.php?rest_route=%2Fwp%2Fv2%2Fcomments&post=198864"}],"version-history":[{"count":0,"href":"http:\/\/vertienteglobal.com\/index.php?rest_route=\/wp\/v2\/posts\/198864\/revisions"}],"wp:featuredmedia":[{"embeddable":true,"href":"http:\/\/vertienteglobal.com\/index.php?rest_route=\/wp\/v2\/media\/198865"}],"wp:attachment":[{"href":"http:\/\/vertienteglobal.com\/index.php?rest_route=%2Fwp%2Fv2%2Fmedia&parent=198864"}],"wp:term":[{"taxonomy":"category","embeddable":true,"href":"http:\/\/vertienteglobal.com\/index.php?rest_route=%2Fwp%2Fv2%2Fcategories&post=198864"},{"taxonomy":"post_tag","embeddable":true,"href":"http:\/\/vertienteglobal.com\/index.php?rest_route=%2Fwp%2Fv2%2Ftags&post=198864"}],"curies":[{"name":"wp","href":"https:\/\/api.w.org\/{rel}","templated":true}]}}