{"id":198797,"date":"2022-02-20T20:24:58","date_gmt":"2022-02-21T02:24:58","guid":{"rendered":"http:\/\/vertienteglobal.com\/?p=198797"},"modified":"2022-02-21T10:09:51","modified_gmt":"2022-02-21T16:09:51","slug":"mexico-asegura-a-mas-de-5-mil-migrantes-en-la-ultima-semana","status":"publish","type":"post","link":"http:\/\/vertienteglobal.com\/?p=198797","title":{"rendered":"M\u00e9xico asegura a m\u00e1s de 5 mil migrantes en la \u00faltima semana"},"content":{"rendered":"\n<div class=\"twitterbutton\" style=\"float: right; padding-left: 5px;\"><a href=\"http:\/\/twitter.com\/share\" class=\"twitter-share-button\" data-count=\"horizontal\" data-text=\"M\u00e9xico asegura a m\u00e1s de 5 mil migrantes en la \u00faltima semana\" data-via=\"https:\/\/twitter.com\/VertienteGloba1\" data-url=\"http:\/\/vertienteglobal.com\/?p=198797\" data-lang=\"es\" data-related=\"Informaci\u00f3n general:S\u00edguenos para que est\u00e9ss informado\"><\/a><\/div>\n<figure class=\"wp-block-image size-large\"><img loading=\"lazy\" decoding=\"async\" width=\"1024\" height=\"683\" src=\"http:\/\/vertienteglobal.com\/wp-content\/uploads\/2022\/02\/169598.jpg\" alt=\"\" class=\"wp-image-198798\" srcset=\"http:\/\/vertienteglobal.com\/wp-content\/uploads\/2022\/02\/169598.jpg 1024w, http:\/\/vertienteglobal.com\/wp-content\/uploads\/2022\/02\/169598-300x200.jpg 300w, http:\/\/vertienteglobal.com\/wp-content\/uploads\/2022\/02\/169598-150x100.jpg 150w, http:\/\/vertienteglobal.com\/wp-content\/uploads\/2022\/02\/169598-768x512.jpg 768w\" sizes=\"auto, (max-width: 1024px) 100vw, 1024px\" \/><\/figure>\n\n\n\n<p>(Redacci\u00f3n)<\/p>\n\n\n\n<p>Entre los migrantes capturados hay 793 menores de edad, aunque el INM no precis\u00f3 cu\u00e1ntos de ellos viajaban no acompa\u00f1ados<\/p>\n\n\n\n<p>Ciudad de M\u00e9xico a 20 de febrero de 2022.-Las autoridades de M\u00e9xico interceptaron a 5 mil 20 migrantes irregulares en la \u00faltima semana, inform\u00f3 este domingo el Instituto Nacional de Migraci\u00f3n (INM).<\/p>\n\n\n\n<p>Entre los migrantes capturados hay 793 menores de edad, aunque el INM no precis\u00f3 cu\u00e1ntos de ellos viajaban no acompa\u00f1ados.<\/p>\n\n\n\n<p>El instituto, que depende de la Secretar\u00eda de Gobernaci\u00f3n (SEGOB), justific\u00f3 la detenci\u00f3n de los migrantes con el argumento que eran personas \u2018extranjeras que transitaban en condici\u00f3n de estancia irregular por territorio nacional\u2019.<\/p>\n\n\n\n<p>\u2018Provienen de 23 naciones del mundo, la mayor\u00eda de Centro y Sudam\u00e9rica, seguidos de pa\u00edses como Nepal, China, Senegal, Rusia, India, Rumania, Suiza y Gambia, entre otros\u2019, apunt\u00f3.<\/p>\n\n\n\n<p>Pese a que no detall\u00f3 los operativos, el jueves el INM ya hab\u00eda informado sobre el arresto de 1.266 migrantes en apenas un lapso de 24 horas.(Fuente: INM\/LD)<\/p>\n","protected":false},"excerpt":{"rendered":"<p>(Redacci\u00f3n) Entre los migrantes capturados hay 793 menores de edad, aunque el INM no precis\u00f3 cu\u00e1ntos de ellos viajaban no acompa\u00f1ados Ciudad de M\u00e9xico a 20 de febrero de 2022.-Las autoridades de M\u00e9xico interceptaron a 5 mil 20 migrantes irregulares en la \u00faltima semana, inform\u00f3 este domingo el Instituto Nacional de Migraci\u00f3n (INM). Entre los [&hellip;]<\/p>\n","protected":false},"author":1,"featured_media":198798,"comment_status":"open","ping_status":"open","sticky":false,"template":"","format":"standard","meta":{"footnotes":""},"categories":[8],"tags":[],"class_list":["post-198797","post","type-post","status-publish","format-standard","has-post-thumbnail","hentry","category-pais","entry","has-media"],"jetpack_featured_media_url":"http:\/\/vertienteglobal.com\/wp-content\/uploads\/2022\/02\/169598.jpg","_links":{"self":[{"href":"http:\/\/vertienteglobal.com\/index.php?rest_route=\/wp\/v2\/posts\/198797","targetHints":{"allow":["GET"]}}],"collection":[{"href":"http:\/\/vertienteglobal.com\/index.php?rest_route=\/wp\/v2\/posts"}],"about":[{"href":"http:\/\/vertienteglobal.com\/index.php?rest_route=\/wp\/v2\/types\/post"}],"author":[{"embeddable":true,"href":"http:\/\/vertienteglobal.com\/index.php?rest_route=\/wp\/v2\/users\/1"}],"replies":[{"embeddable":true,"href":"http:\/\/vertienteglobal.com\/index.php?rest_route=%2Fwp%2Fv2%2Fcomments&post=198797"}],"version-history":[{"count":0,"href":"http:\/\/vertienteglobal.com\/index.php?rest_route=\/wp\/v2\/posts\/198797\/revisions"}],"wp:featuredmedia":[{"embeddable":true,"href":"http:\/\/vertienteglobal.com\/index.php?rest_route=\/wp\/v2\/media\/198798"}],"wp:attachment":[{"href":"http:\/\/vertienteglobal.com\/index.php?rest_route=%2Fwp%2Fv2%2Fmedia&parent=198797"}],"wp:term":[{"taxonomy":"category","embeddable":true,"href":"http:\/\/vertienteglobal.com\/index.php?rest_route=%2Fwp%2Fv2%2Fcategories&post=198797"},{"taxonomy":"post_tag","embeddable":true,"href":"http:\/\/vertienteglobal.com\/index.php?rest_route=%2Fwp%2Fv2%2Ftags&post=198797"}],"curies":[{"name":"wp","href":"https:\/\/api.w.org\/{rel}","templated":true}]}}