{"id":198687,"date":"2022-02-18T16:57:00","date_gmt":"2022-02-18T22:57:00","guid":{"rendered":"http:\/\/vertienteglobal.com\/?p=198687"},"modified":"2022-02-18T22:22:04","modified_gmt":"2022-02-19T04:22:04","slug":"publican-decreto-de-expropiacion-de-231-terrenos-para-tramo-5-del-tren-maya","status":"publish","type":"post","link":"http:\/\/vertienteglobal.com\/?p=198687","title":{"rendered":"Publican decreto de expropiaci\u00f3n de 231 terrenos para tramo 5 del Tren Maya"},"content":{"rendered":"\n<div class=\"twitterbutton\" style=\"float: right; padding-left: 5px;\"><a href=\"http:\/\/twitter.com\/share\" class=\"twitter-share-button\" data-count=\"horizontal\" data-text=\"Publican decreto de expropiaci\u00f3n de 231 terrenos para tramo 5 del Tren Maya\" data-via=\"https:\/\/twitter.com\/VertienteGloba1\" data-url=\"http:\/\/vertienteglobal.com\/?p=198687\" data-lang=\"es\" data-related=\"Informaci\u00f3n general:S\u00edguenos para que est\u00e9ss informado\"><\/a><\/div>\n<figure class=\"wp-block-image size-large\"><img loading=\"lazy\" decoding=\"async\" width=\"705\" height=\"435\" src=\"http:\/\/vertienteglobal.com\/wp-content\/uploads\/2022\/02\/FB_IMG_1645243907620.jpg\" alt=\"\" class=\"wp-image-198691\" srcset=\"http:\/\/vertienteglobal.com\/wp-content\/uploads\/2022\/02\/FB_IMG_1645243907620.jpg 705w, http:\/\/vertienteglobal.com\/wp-content\/uploads\/2022\/02\/FB_IMG_1645243907620-300x185.jpg 300w, http:\/\/vertienteglobal.com\/wp-content\/uploads\/2022\/02\/FB_IMG_1645243907620-150x93.jpg 150w\" sizes=\"auto, (max-width: 705px) 100vw, 705px\" \/><\/figure>\n\n\n\n<p>(Redacci\u00f3n )<\/p>\n\n\n\n<p>Los terrenos o inmuebles expropiados se localizan en los municipios de Benito Ju\u00e1rez, Solidaridad, Puerto Morelos y Tulum, en Quintana Roo, en una superficie de m\u00e1s de 535 hect\u00e1reas<\/p>\n\n\n\n<p>Ciudad de M\u00e9xico a 18 de febrero de 2022.-La Secretar\u00eda de Desarrollo Agrario, Territorial y Urbano (Sedatu) public\u00f3 en el Diario Oficial de la Federaci\u00f3n (DOF) el decreto expropiatorio de 231 terrenos o inmuebles para la construcci\u00f3n del tramo 5 del Tren Maya.<\/p>\n\n\n\n<p>Y es que los terrenos o inmuebles expropiados se localizan en los municipios de Benito Ju\u00e1rez, Solidaridad, Puerto Morelos y Tulum, en Quintana Roo, en una superficie de m\u00e1s de 535 hect\u00e1reas.<\/p>\n\n\n\n<p>El decreto indica: \u201cSe declara de utilidad p\u00fablica el desarrollo del Proyecto Tren Maya, en los municipios de Benito Ju\u00e1rez, Solidaridad, Puerto Morelos y Tulum, en el estado de Quintana Roo, que se materializar\u00e1 en la construcci\u00f3n de obras de infraestructura p\u00fablica sobre los inmuebles que suman una superficie total aproximada de 5,355,394.52 (cinco millones trescientos cincuenta y cinco mil trescientos novena y cuatro punto cincuenta y dos) metros cuadrados\u201d.<\/p>\n\n\n\n<p>Argumenta que el tramo 5 traer\u00e1 beneficios a quienes actualmente habitan y trabajan en los municipios de Benito Ju\u00e1rez, Puerto Morelos, Solidaridad y Tulum, ya que, con el incremento de la conectividad en la zona, su poblaci\u00f3n contar\u00e1 con mayor acceso y en menor tiempo posible a los servicios de salud, educaci\u00f3n, servicios deportivos y en general a todos los servicios que se prestan en los principales centros de poblaci\u00f3n.<\/p>\n\n\n\n<p>Cabe se\u00f1alar que en el Proyecto Tren Maya, el Tramo 5 fue dividido a su vez en dos tramos: Tramo 5 Norte: Canc\u00fan Playa del Carmen, con una longitud aproximada de 43.3 km; Tramo 5 Sur: Playa del Carmen Tulum, con una longitud aproximada de 60.3 km.<\/p>\n\n\n\n<p>Se indica tambi\u00e9n que la Ley de Expropiaci\u00f3n considera causa de utilidad p\u00fablica la construcci\u00f3n de obras de infraestructura p\u00fablica y la prestaci\u00f3n de servicios p\u00fablicos, que requieran de bienes inmuebles y sus mejoras, derivada de concesi\u00f3n, de contrato o de cualquier acto jur\u00eddico celebrado en t\u00e9rminos de las disposiciones legales aplicables.<\/p>\n\n\n\n<p>\u201cEl Proyecto Tren Maya adquiere relevancia toda vez que la Pen\u00ednsula de Yucat\u00e1n es de gran importancia para el pa\u00eds no s\u00f3lo por su historia, cultura y biodiversidad, sino tambi\u00e9n por sus actividades productivas tales como las relacionadas con el sector petrolero y tur\u00edstico. No obstante, la regi\u00f3n cuenta con niveles de bienestar precarios y con \u00edndices de pobreza superiores a la media nacional y los beneficios que se obtienen de las actividades antes citadas, no se han distribuido de una manera correcta, por lo que no ha alcanzado un desarrollo pleno para los habitantes de la regi\u00f3n\u201d, indica el documento publicado en el DOF.<\/p>\n\n\n\n<p>Se informar\u00e1 de este decreto personalmente a los titulares de los bienes y derechos, en el domicilio que de ellos conste en el expediente correspondiente.<\/p>\n\n\n\n<p>En caso de que se ignore qui\u00e9nes son los titulares o bien se desconozca su domicilio o localizaci\u00f3n, efect\u00faese una segunda publicaci\u00f3n en el Diario Oficial de la Federaci\u00f3n y en el peri\u00f3dico de mayor circulaci\u00f3n de la localidad de que se trate, conforme a lo establecido en el art\u00edculo 2\u00ba. Fracci\u00f3n II de la Ley de Expropiaci\u00f3n.<\/p>\n\n\n\n<p>\u201cLos interesados tendr\u00e1n un plazo de quince d\u00edas h\u00e1biles a partir de la notificaci\u00f3n o de la segunda publicaci\u00f3n en el Diario Oficial de la Federaci\u00f3n de la presente Declaratoria, para manifestar ante la Secretar\u00eda de Desarrollo Agrario Territorial y Urbano, lo que a su derecho e inter\u00e9s convenga y presenten las pruebas que estimen pertinentes para acreditar su derecho\u201d, se\u00f1ala.(Fuente:ElUniversal)<\/p>\n\n\n\n<figure class=\"wp-block-image size-large\"><img loading=\"lazy\" decoding=\"async\" width=\"720\" height=\"540\" src=\"http:\/\/vertienteglobal.com\/wp-content\/uploads\/2022\/02\/FB_IMG_1645244063997.jpg\" alt=\"\" class=\"wp-image-198692\" srcset=\"http:\/\/vertienteglobal.com\/wp-content\/uploads\/2022\/02\/FB_IMG_1645244063997.jpg 720w, http:\/\/vertienteglobal.com\/wp-content\/uploads\/2022\/02\/FB_IMG_1645244063997-300x225.jpg 300w, http:\/\/vertienteglobal.com\/wp-content\/uploads\/2022\/02\/FB_IMG_1645244063997-150x113.jpg 150w\" sizes=\"auto, (max-width: 720px) 100vw, 720px\" \/><\/figure>\n","protected":false},"excerpt":{"rendered":"<p>(Redacci\u00f3n ) Los terrenos o inmuebles expropiados se localizan en los municipios de Benito Ju\u00e1rez, Solidaridad, Puerto Morelos y Tulum, en Quintana Roo, en una superficie de m\u00e1s de 535 hect\u00e1reas Ciudad de M\u00e9xico a 18 de febrero de 2022.-La Secretar\u00eda de Desarrollo Agrario, Territorial y Urbano (Sedatu) public\u00f3 en el Diario Oficial de la [&hellip;]<\/p>\n","protected":false},"author":6,"featured_media":198691,"comment_status":"open","ping_status":"open","sticky":false,"template":"","format":"standard","meta":{"footnotes":""},"categories":[8,3],"tags":[],"class_list":["post-198687","post","type-post","status-publish","format-standard","has-post-thumbnail","hentry","category-pais","category-quintana-roo","entry","has-media"],"jetpack_featured_media_url":"http:\/\/vertienteglobal.com\/wp-content\/uploads\/2022\/02\/FB_IMG_1645243907620.jpg","_links":{"self":[{"href":"http:\/\/vertienteglobal.com\/index.php?rest_route=\/wp\/v2\/posts\/198687","targetHints":{"allow":["GET"]}}],"collection":[{"href":"http:\/\/vertienteglobal.com\/index.php?rest_route=\/wp\/v2\/posts"}],"about":[{"href":"http:\/\/vertienteglobal.com\/index.php?rest_route=\/wp\/v2\/types\/post"}],"author":[{"embeddable":true,"href":"http:\/\/vertienteglobal.com\/index.php?rest_route=\/wp\/v2\/users\/6"}],"replies":[{"embeddable":true,"href":"http:\/\/vertienteglobal.com\/index.php?rest_route=%2Fwp%2Fv2%2Fcomments&post=198687"}],"version-history":[{"count":0,"href":"http:\/\/vertienteglobal.com\/index.php?rest_route=\/wp\/v2\/posts\/198687\/revisions"}],"wp:featuredmedia":[{"embeddable":true,"href":"http:\/\/vertienteglobal.com\/index.php?rest_route=\/wp\/v2\/media\/198691"}],"wp:attachment":[{"href":"http:\/\/vertienteglobal.com\/index.php?rest_route=%2Fwp%2Fv2%2Fmedia&parent=198687"}],"wp:term":[{"taxonomy":"category","embeddable":true,"href":"http:\/\/vertienteglobal.com\/index.php?rest_route=%2Fwp%2Fv2%2Fcategories&post=198687"},{"taxonomy":"post_tag","embeddable":true,"href":"http:\/\/vertienteglobal.com\/index.php?rest_route=%2Fwp%2Fv2%2Ftags&post=198687"}],"curies":[{"name":"wp","href":"https:\/\/api.w.org\/{rel}","templated":true}]}}