{"id":198663,"date":"2022-02-17T23:24:00","date_gmt":"2022-02-18T05:24:00","guid":{"rendered":"http:\/\/vertienteglobal.com\/?p=198663"},"modified":"2022-02-17T23:49:22","modified_gmt":"2022-02-18T05:49:22","slug":"morena-asegura-que-amlo-es-promotor-de-la-libertad-de-expresion-en-mexico","status":"publish","type":"post","link":"http:\/\/vertienteglobal.com\/?p=198663","title":{"rendered":"Morena asegura que AMLO \u00abes promotor de la libertad de expresi\u00f3n\u00bb en M\u00e9xico"},"content":{"rendered":"\n<div class=\"twitterbutton\" style=\"float: right; padding-left: 5px;\"><a href=\"http:\/\/twitter.com\/share\" class=\"twitter-share-button\" data-count=\"horizontal\" data-text=\"Morena asegura que AMLO \u00abes promotor de la libertad de expresi\u00f3n\u00bb en M\u00e9xico\" data-via=\"https:\/\/twitter.com\/VertienteGloba1\" data-url=\"http:\/\/vertienteglobal.com\/?p=198663\" data-lang=\"es\" data-related=\"Informaci\u00f3n general:S\u00edguenos para que est\u00e9ss informado\"><\/a><\/div>\n<figure class=\"wp-block-image size-large\"><img loading=\"lazy\" decoding=\"async\" width=\"1024\" height=\"683\" src=\"http:\/\/vertienteglobal.com\/wp-content\/uploads\/2022\/02\/1201604.jpg\" alt=\"\" class=\"wp-image-198664\" srcset=\"http:\/\/vertienteglobal.com\/wp-content\/uploads\/2022\/02\/1201604.jpg 1024w, http:\/\/vertienteglobal.com\/wp-content\/uploads\/2022\/02\/1201604-300x200.jpg 300w, http:\/\/vertienteglobal.com\/wp-content\/uploads\/2022\/02\/1201604-150x100.jpg 150w, http:\/\/vertienteglobal.com\/wp-content\/uploads\/2022\/02\/1201604-768x512.jpg 768w\" sizes=\"auto, (max-width: 1024px) 100vw, 1024px\" \/><\/figure>\n\n\n\n<p>(Redacci\u00f3n)<\/p>\n\n\n\n<p>Delgado Carrillo asegur\u00f3 que, con la Cuarta Transformaci\u00f3n, en M\u00e9xico tenemos un gobierno comprometido con la defensa de los derechos humanos y con la defensa de la libertad de expresi\u00f3n<\/p>\n\n\n\n<p>Ciudad de M\u00e9xico a 17 de febrero de 2022.-El dirigente nacional de Morena, Mario Delgado, afirm\u00f3 a trav\u00e9s de un comunicado que en M\u00e9xico se tiene un gobierno comprometido con la defensa de los derechos humanos y la libertad de expresi\u00f3n, los cuales, asegur\u00f3, el presidente Andr\u00e9s Manuel L\u00f3pez Obrador es un promotor.<\/p>\n\n\n\n<p>Y es que el presidente nacional de Morena, Mario Delgado Carrillo asegur\u00f3 que, con la Cuarta Transformaci\u00f3n, en M\u00e9xico tenemos un gobierno comprometido con la defensa de los derechos humanos y con la defensa de la libertad de expresi\u00f3n.<\/p>\n\n\n\n<p>\u201cSin duda, el presidente de la Rep\u00fablica, Andr\u00e9s Manuel L\u00f3pez Obrador es un promotor de la libertad de expresi\u00f3n, hoy tenemos libertades como nunca antes; est\u00e1 afrontando con gran valor y honestidad, aunque con menor velocidad de lo que nos gustar\u00eda, los asesinatos contra periodistas. Para consolidar la Transformaci\u00f3n se debe seguir actuando de manera valiente y no parar hasta erradicar por completo estos cr\u00edmenes\u201d, sostuvo Delgado.<\/p>\n\n\n\n<p>Asimismo, enfatiz\u00f3 que desde Morena siempre se va a luchar por la libertad en todas sus expresiones y respald\u00f3 las acciones que est\u00e1 llevando a cabo el Gobierno Federal y los gobiernos locales morenistas, quienes, destac\u00f3, est\u00e1n trabajando por erradicar el legado de corrupci\u00f3n, impunidad y violencia que el viejo r\u00e9gimen dej\u00f3.<\/p>\n\n\n\n<p>\u201cLos mejores remedios contra esas inercias y vicios heredados son la honestidad, austeridad, voluntad pol\u00edtica y transparencia. Por ello, el Gobierno ya est\u00e1 investigando uno a uno, todos los cr\u00edmenes contra periodistas, lo que permite que el presidente tenga autoridad moral y de la cara todos los d\u00edas ante los medios de comunicaci\u00f3n y el pueblo de M\u00e9xico\u201d, subray\u00f3 el l\u00edder morenista.<\/p>\n\n\n\n<p>Para finalizar, Mario Delgado resalt\u00f3 que la libertad de expresi\u00f3n es parte fundamental de la democracia por lo que, invit\u00f3 a la derecha a respetar dicho derecho y detener su estrategia de desinformaci\u00f3n, calumnias y de noticias falsas para confundir a la gente y tratar de detener la Transformaci\u00f3n, ya que solo da\u00f1a al ejercicio period\u00edstico.<\/p>\n","protected":false},"excerpt":{"rendered":"<p>(Redacci\u00f3n) Delgado Carrillo asegur\u00f3 que, con la Cuarta Transformaci\u00f3n, en M\u00e9xico tenemos un gobierno comprometido con la defensa de los derechos humanos y con la defensa de la libertad de expresi\u00f3n Ciudad de M\u00e9xico a 17 de febrero de 2022.-El dirigente nacional de Morena, Mario Delgado, afirm\u00f3 a trav\u00e9s de un comunicado que en M\u00e9xico [&hellip;]<\/p>\n","protected":false},"author":1,"featured_media":198664,"comment_status":"open","ping_status":"open","sticky":false,"template":"","format":"standard","meta":{"footnotes":""},"categories":[8],"tags":[],"class_list":["post-198663","post","type-post","status-publish","format-standard","has-post-thumbnail","hentry","category-pais","entry","has-media"],"jetpack_featured_media_url":"http:\/\/vertienteglobal.com\/wp-content\/uploads\/2022\/02\/1201604.jpg","_links":{"self":[{"href":"http:\/\/vertienteglobal.com\/index.php?rest_route=\/wp\/v2\/posts\/198663","targetHints":{"allow":["GET"]}}],"collection":[{"href":"http:\/\/vertienteglobal.com\/index.php?rest_route=\/wp\/v2\/posts"}],"about":[{"href":"http:\/\/vertienteglobal.com\/index.php?rest_route=\/wp\/v2\/types\/post"}],"author":[{"embeddable":true,"href":"http:\/\/vertienteglobal.com\/index.php?rest_route=\/wp\/v2\/users\/1"}],"replies":[{"embeddable":true,"href":"http:\/\/vertienteglobal.com\/index.php?rest_route=%2Fwp%2Fv2%2Fcomments&post=198663"}],"version-history":[{"count":0,"href":"http:\/\/vertienteglobal.com\/index.php?rest_route=\/wp\/v2\/posts\/198663\/revisions"}],"wp:featuredmedia":[{"embeddable":true,"href":"http:\/\/vertienteglobal.com\/index.php?rest_route=\/wp\/v2\/media\/198664"}],"wp:attachment":[{"href":"http:\/\/vertienteglobal.com\/index.php?rest_route=%2Fwp%2Fv2%2Fmedia&parent=198663"}],"wp:term":[{"taxonomy":"category","embeddable":true,"href":"http:\/\/vertienteglobal.com\/index.php?rest_route=%2Fwp%2Fv2%2Fcategories&post=198663"},{"taxonomy":"post_tag","embeddable":true,"href":"http:\/\/vertienteglobal.com\/index.php?rest_route=%2Fwp%2Fv2%2Ftags&post=198663"}],"curies":[{"name":"wp","href":"https:\/\/api.w.org\/{rel}","templated":true}]}}