{"id":198660,"date":"2022-02-17T21:52:00","date_gmt":"2022-02-18T03:52:00","guid":{"rendered":"http:\/\/vertienteglobal.com\/?p=198660"},"modified":"2022-02-17T23:31:52","modified_gmt":"2022-02-18T05:31:52","slug":"el-gobernador-samuel-garcia-se-reune-con-adan-augusto-titular-de-segob-por-nueva-aduana-en-nuevo-leon","status":"publish","type":"post","link":"http:\/\/vertienteglobal.com\/?p=198660","title":{"rendered":"El gobernador, Samuel Garc\u00eda se re\u00fane con Adan Augusto, titular de Segob por nueva aduana en Nuevo Le\u00f3n"},"content":{"rendered":"\n<div class=\"twitterbutton\" style=\"float: right; padding-left: 5px;\"><a href=\"http:\/\/twitter.com\/share\" class=\"twitter-share-button\" data-count=\"horizontal\" data-text=\"El gobernador, Samuel Garc\u00eda se re\u00fane con Adan Augusto, titular de Segob por n...\" data-via=\"https:\/\/twitter.com\/VertienteGloba1\" data-url=\"http:\/\/vertienteglobal.com\/?p=198660\" data-lang=\"es\" data-related=\"Informaci\u00f3n general:S\u00edguenos para que est\u00e9ss informado\"><\/a><\/div>\n<figure class=\"wp-block-image size-large\"><img loading=\"lazy\" decoding=\"async\" width=\"1024\" height=\"683\" src=\"http:\/\/vertienteglobal.com\/wp-content\/uploads\/2022\/02\/169394.jpg\" alt=\"\" class=\"wp-image-198661\" srcset=\"http:\/\/vertienteglobal.com\/wp-content\/uploads\/2022\/02\/169394.jpg 1024w, http:\/\/vertienteglobal.com\/wp-content\/uploads\/2022\/02\/169394-300x200.jpg 300w, http:\/\/vertienteglobal.com\/wp-content\/uploads\/2022\/02\/169394-150x100.jpg 150w, http:\/\/vertienteglobal.com\/wp-content\/uploads\/2022\/02\/169394-768x512.jpg 768w\" sizes=\"auto, (max-width: 1024px) 100vw, 1024px\" \/><\/figure>\n\n\n\n<p>(Redacci\u00f3n)<\/p>\n\n\n\n<p>Sobre la aduana Colombia, Samuel Garc\u00eda ya tuvo antes un encuentro en Segob para encaminar el proyecto de la carretera Gloria-Colombia, en el municipio de An\u00e1huac, en Nuevo Le\u00f3n, con el objetivo de conectar de manera la autopista con Estados Unidos<\/p>\n\n\n\n<p>Ciudad de M\u00e9xico a 17 de febrero de 2022.-El gobernador de Nuevo Le\u00f3n, Samuel Garc\u00eda, tuvo una reuni\u00f3n con el secretario de Gobernaci\u00f3n (Segob), Ad\u00e1n Augusto L\u00f3pez Hern\u00e1ndez, en Ciudad de M\u00e9xico, para discutir proyectos estrat\u00e9gicos para su entidad as\u00ed como de comercio exterior.<\/p>\n\n\n\n<p>&#8216;Muy buena pl\u00e1tica con Ad\u00e1n Augusto L\u00f3pez Hern\u00e1ndez, secretario de Gobernaci\u00f3n. Vimos los proyectos estrat\u00e9gicos de Nuevo Le\u00f3n que van a ayudar al comercio exterior en M\u00e9xico, como lo es la nueva aduana Colombia&#8217;, public\u00f3 a trav\u00e9s de Instagram.<\/p>\n\n\n\n<p>&#8216;Siempre es un gusto platicar de nuestros proyectos para ver c\u00f3mo nos puede ayudar la Federaci\u00f3n a que salgan adelante&#8217;, agreg\u00f3 Garc\u00eda sobre el encuentro que tuvo lugar en la Segob.<\/p>\n\n\n\n<p>Sobre la aduana Colombia, Samuel Garc\u00eda ya tuvo antes un encuentro en Segob para encaminar el proyecto de la carretera Gloria-Colombia, en el municipio de An\u00e1huac, en Nuevo Le\u00f3n, con el objetivo de conectar de manera la autopista con Estados Unidos.<\/p>\n\n\n\n<p>En julio de 2021, tuvo un encuentro similar con la entonces titular de la Segob, Olga S\u00e1nchez Cordero, donde tambi\u00e9n hablaron sobre las planeaciones de las carreteras en el estado al norte de M\u00e9xico.(Fuente:Latinus)<\/p>\n","protected":false},"excerpt":{"rendered":"<p>(Redacci\u00f3n) Sobre la aduana Colombia, Samuel Garc\u00eda ya tuvo antes un encuentro en Segob para encaminar el proyecto de la carretera Gloria-Colombia, en el municipio de An\u00e1huac, en Nuevo Le\u00f3n, con el objetivo de conectar de manera la autopista con Estados Unidos Ciudad de M\u00e9xico a 17 de febrero de 2022.-El gobernador de Nuevo Le\u00f3n, [&hellip;]<\/p>\n","protected":false},"author":1,"featured_media":198661,"comment_status":"open","ping_status":"open","sticky":false,"template":"","format":"standard","meta":{"footnotes":""},"categories":[8],"tags":[],"class_list":["post-198660","post","type-post","status-publish","format-standard","has-post-thumbnail","hentry","category-pais","entry","has-media"],"jetpack_featured_media_url":"http:\/\/vertienteglobal.com\/wp-content\/uploads\/2022\/02\/169394.jpg","_links":{"self":[{"href":"http:\/\/vertienteglobal.com\/index.php?rest_route=\/wp\/v2\/posts\/198660","targetHints":{"allow":["GET"]}}],"collection":[{"href":"http:\/\/vertienteglobal.com\/index.php?rest_route=\/wp\/v2\/posts"}],"about":[{"href":"http:\/\/vertienteglobal.com\/index.php?rest_route=\/wp\/v2\/types\/post"}],"author":[{"embeddable":true,"href":"http:\/\/vertienteglobal.com\/index.php?rest_route=\/wp\/v2\/users\/1"}],"replies":[{"embeddable":true,"href":"http:\/\/vertienteglobal.com\/index.php?rest_route=%2Fwp%2Fv2%2Fcomments&post=198660"}],"version-history":[{"count":0,"href":"http:\/\/vertienteglobal.com\/index.php?rest_route=\/wp\/v2\/posts\/198660\/revisions"}],"wp:featuredmedia":[{"embeddable":true,"href":"http:\/\/vertienteglobal.com\/index.php?rest_route=\/wp\/v2\/media\/198661"}],"wp:attachment":[{"href":"http:\/\/vertienteglobal.com\/index.php?rest_route=%2Fwp%2Fv2%2Fmedia&parent=198660"}],"wp:term":[{"taxonomy":"category","embeddable":true,"href":"http:\/\/vertienteglobal.com\/index.php?rest_route=%2Fwp%2Fv2%2Fcategories&post=198660"},{"taxonomy":"post_tag","embeddable":true,"href":"http:\/\/vertienteglobal.com\/index.php?rest_route=%2Fwp%2Fv2%2Ftags&post=198660"}],"curies":[{"name":"wp","href":"https:\/\/api.w.org\/{rel}","templated":true}]}}