{"id":198657,"date":"2022-02-17T22:21:00","date_gmt":"2022-02-18T04:21:00","guid":{"rendered":"http:\/\/vertienteglobal.com\/?p=198657"},"modified":"2022-02-17T23:26:00","modified_gmt":"2022-02-18T05:26:00","slug":"el-senador-jose-luis-pech-negocia-con-movimiento-ciudadano-candidatura-a-gubernatura-de-quintana-roo","status":"publish","type":"post","link":"http:\/\/vertienteglobal.com\/?p=198657","title":{"rendered":"El senador, Jos\u00e9 Luis Pech negocia con Movimiento Ciudadano candidatura a gubernatura de Quintana Roo"},"content":{"rendered":"\n<div class=\"twitterbutton\" style=\"float: right; padding-left: 5px;\"><a href=\"http:\/\/twitter.com\/share\" class=\"twitter-share-button\" data-count=\"horizontal\" data-text=\"El senador, Jos\u00e9 Luis Pech negocia con Movimiento Ciudadano candidatura a guber...\" data-via=\"https:\/\/twitter.com\/VertienteGloba1\" data-url=\"http:\/\/vertienteglobal.com\/?p=198657\" data-lang=\"es\" data-related=\"Informaci\u00f3n general:S\u00edguenos para que est\u00e9ss informado\"><\/a><\/div>\n<figure class=\"wp-block-image size-large\"><img loading=\"lazy\" decoding=\"async\" width=\"1024\" height=\"683\" src=\"http:\/\/vertienteglobal.com\/wp-content\/uploads\/2022\/02\/169395.jpg\" alt=\"\" class=\"wp-image-198658\" srcset=\"http:\/\/vertienteglobal.com\/wp-content\/uploads\/2022\/02\/169395.jpg 1024w, http:\/\/vertienteglobal.com\/wp-content\/uploads\/2022\/02\/169395-300x200.jpg 300w, http:\/\/vertienteglobal.com\/wp-content\/uploads\/2022\/02\/169395-150x100.jpg 150w, http:\/\/vertienteglobal.com\/wp-content\/uploads\/2022\/02\/169395-768x512.jpg 768w\" sizes=\"auto, (max-width: 1024px) 100vw, 1024px\" \/><\/figure>\n\n\n\n<p>(Redacci\u00f3n)<\/p>\n\n\n\n<p>Dijo que seguir\u00eda buscando nuevas opciones, porque los quintanorroenses &#8216;merecemos un gobierno decente&#8217; y en entrevistas radiof\u00f3nicas, coment\u00f3 que ha tenido acercamientos con MC y est\u00e1 en espera &#8216;de lo que ellos decidan&#8217;<\/p>\n\n\n\n<p>Ciudad de M\u00e9xico a 17 de febrero de 2022.-El a\u00fan senador de Morena, Jos\u00e9 Luis Pech V\u00e1rguez, confirm\u00f3 que est\u00e1 en negociaciones con la dirigencia de Movimiento Ciudadano (MC) para ser el candidato a la gubernatura de Quintana Roo, por esa fuerza pol\u00edtica que encabeza Dante Delgado.<\/p>\n\n\n\n<p>Y es que Pech V\u00e1rguez hizo p\u00fablico un video en redes sociales donde pr\u00e1cticamente rompe con el partido guinda, al dar a conocer que no apoyar\u00eda a la candidata a la gubernatura de la alianza Morena, PVEM, Mara Lezama, al &#8216;constatar que no existen condiciones para crear la unidad&#8217; en torno al proceso electoral en Quinta Roo.<\/p>\n\n\n\n<p>Dijo que seguir\u00eda buscando nuevas opciones, porque los quintanorroenses &#8216;merecemos un gobierno decente&#8217; y en entrevistas radiof\u00f3nicas, coment\u00f3 que ha tenido acercamientos con MC y est\u00e1 en espera &#8216;de lo que ellos decidan&#8217;.<\/p>\n\n\n\n<p>Consider\u00f3 incluso que el actor Roberto Palazuelos, al que antes nomin\u00f3 MC es tambi\u00e9n &#8216;un gran activo pol\u00edtico&#8217; tambi\u00e9n del partido naranja, a quien es importante que Movimiento Ciudadano conserve a fin de &#8216;que participe y que contin\u00fae madurando en este nuevo ambiente para \u00e9l, que es el pol\u00edtico&#8217;.<\/p>\n\n\n\n<p>Su decisi\u00f3n provoc\u00f3 sorpresa entre sus compa\u00f1eros de Morena, aunque se sab\u00eda que el senador Pech, qui\u00e9n particip\u00f3 en el proceso interno para elegir al candidato a la gubernatura de su entidad, no estuvo de acuerdo con el resultado a favor de Mara Lezama, a quien se liga con el grupo del llamado Ni\u00f1o Verde.(Fuente:NM)<\/p>\n","protected":false},"excerpt":{"rendered":"<p>(Redacci\u00f3n) Dijo que seguir\u00eda buscando nuevas opciones, porque los quintanorroenses &#8216;merecemos un gobierno decente&#8217; y en entrevistas radiof\u00f3nicas, coment\u00f3 que ha tenido acercamientos con MC y est\u00e1 en espera &#8216;de lo que ellos decidan&#8217; Ciudad de M\u00e9xico a 17 de febrero de 2022.-El a\u00fan senador de Morena, Jos\u00e9 Luis Pech V\u00e1rguez, confirm\u00f3 que est\u00e1 en [&hellip;]<\/p>\n","protected":false},"author":1,"featured_media":198658,"comment_status":"open","ping_status":"open","sticky":false,"template":"","format":"standard","meta":{"footnotes":""},"categories":[8,3],"tags":[],"class_list":["post-198657","post","type-post","status-publish","format-standard","has-post-thumbnail","hentry","category-pais","category-quintana-roo","entry","has-media"],"jetpack_featured_media_url":"http:\/\/vertienteglobal.com\/wp-content\/uploads\/2022\/02\/169395.jpg","_links":{"self":[{"href":"http:\/\/vertienteglobal.com\/index.php?rest_route=\/wp\/v2\/posts\/198657","targetHints":{"allow":["GET"]}}],"collection":[{"href":"http:\/\/vertienteglobal.com\/index.php?rest_route=\/wp\/v2\/posts"}],"about":[{"href":"http:\/\/vertienteglobal.com\/index.php?rest_route=\/wp\/v2\/types\/post"}],"author":[{"embeddable":true,"href":"http:\/\/vertienteglobal.com\/index.php?rest_route=\/wp\/v2\/users\/1"}],"replies":[{"embeddable":true,"href":"http:\/\/vertienteglobal.com\/index.php?rest_route=%2Fwp%2Fv2%2Fcomments&post=198657"}],"version-history":[{"count":0,"href":"http:\/\/vertienteglobal.com\/index.php?rest_route=\/wp\/v2\/posts\/198657\/revisions"}],"wp:featuredmedia":[{"embeddable":true,"href":"http:\/\/vertienteglobal.com\/index.php?rest_route=\/wp\/v2\/media\/198658"}],"wp:attachment":[{"href":"http:\/\/vertienteglobal.com\/index.php?rest_route=%2Fwp%2Fv2%2Fmedia&parent=198657"}],"wp:term":[{"taxonomy":"category","embeddable":true,"href":"http:\/\/vertienteglobal.com\/index.php?rest_route=%2Fwp%2Fv2%2Fcategories&post=198657"},{"taxonomy":"post_tag","embeddable":true,"href":"http:\/\/vertienteglobal.com\/index.php?rest_route=%2Fwp%2Fv2%2Ftags&post=198657"}],"curies":[{"name":"wp","href":"https:\/\/api.w.org\/{rel}","templated":true}]}}