{"id":198602,"date":"2022-02-15T21:51:52","date_gmt":"2022-02-16T03:51:52","guid":{"rendered":"http:\/\/vertienteglobal.com\/?p=198602"},"modified":"2022-02-17T11:29:28","modified_gmt":"2022-02-17T17:29:28","slug":"unam-lanza-diplomado-sobre-uso-medicinal-del-cannabis","status":"publish","type":"post","link":"http:\/\/vertienteglobal.com\/?p=198602","title":{"rendered":"UNAM lanza diplomado sobre uso medicinal del cannabis"},"content":{"rendered":"\n<div class=\"twitterbutton\" style=\"float: right; padding-left: 5px;\"><a href=\"http:\/\/twitter.com\/share\" class=\"twitter-share-button\" data-count=\"horizontal\" data-text=\"UNAM lanza diplomado sobre uso medicinal del cannabis\" data-via=\"https:\/\/twitter.com\/VertienteGloba1\" data-url=\"http:\/\/vertienteglobal.com\/?p=198602\" data-lang=\"es\" data-related=\"Informaci\u00f3n general:S\u00edguenos para que est\u00e9ss informado\"><\/a><\/div>\n<figure class=\"wp-block-image size-large\"><img loading=\"lazy\" decoding=\"async\" width=\"1024\" height=\"683\" src=\"http:\/\/vertienteglobal.com\/wp-content\/uploads\/2022\/02\/169177.jpg\" alt=\"\" class=\"wp-image-198603\" srcset=\"http:\/\/vertienteglobal.com\/wp-content\/uploads\/2022\/02\/169177.jpg 1024w, http:\/\/vertienteglobal.com\/wp-content\/uploads\/2022\/02\/169177-300x200.jpg 300w, http:\/\/vertienteglobal.com\/wp-content\/uploads\/2022\/02\/169177-150x100.jpg 150w, http:\/\/vertienteglobal.com\/wp-content\/uploads\/2022\/02\/169177-768x512.jpg 768w\" sizes=\"auto, (max-width: 1024px) 100vw, 1024px\" \/><\/figure>\n\n\n\n<p>(Redacci\u00f3n)<\/p>\n\n\n\n<p>Samuel Ponce de Le\u00f3n Rosales, titular del PUIS, dicho programa contribuir\u00e1 a la formaci\u00f3n de recursos humanos para la investigaci\u00f3n, producci\u00f3n y prescripci\u00f3n de productos a base de cannabis y cannabinoides desde una perspectiva cient\u00edfica integral<\/p>\n\n\n\n<p>Ciudad de M\u00e9xico a 15 de febrero de 2022.-Mientras que en varios pa\u00edses de Latinoam\u00e9rica y del mundo el uso medicinal del cannabis y los cannabinoides ha avanzado significativamente en materia de regulaci\u00f3n e investigaci\u00f3n cient\u00edfica, en M\u00e9xico sigue siendo un tema rodeado de desinformaci\u00f3n generalizada y estigma social, indic\u00f3 la Universidad Nacional Aut\u00f3noma de M\u00e9xico (UNAM) a trav\u00e9s de un comunicado.<\/p>\n\n\n\n<p>Bajo este contexto y con el objetivo de ahondar en el uso medicinal de estas sustancias en el personal de la salud, el Programa Universitario de Investigaci\u00f3n en Salud (PUIS) de la M\u00e1xima Casa de Estudios y la Asociaci\u00f3n Mexicana de Medicina Cannabinoide A.C. organizan el Diplomado Internacional de Endocannabinolog\u00eda que se impartir\u00e1 en formato virtual de marzo de 2022 a junio de 2023.<\/p>\n\n\n\n<p>De acuerdo con Samuel Ponce de Le\u00f3n Rosales, titular del PUIS, dicho programa contribuir\u00e1 a la formaci\u00f3n de recursos humanos para la investigaci\u00f3n, producci\u00f3n y prescripci\u00f3n de productos a base de cannabis y cannabinoides desde una perspectiva cient\u00edfica integral.<\/p>\n\n\n\n<p>A decir de Raquel Peyraube, experta internacional en el uso medicinal del cannabis y co-coordinadora del diplomado, no s\u00f3lo se necesita ampliar la investigaci\u00f3n b\u00e1sica en torno al tema, sino tambi\u00e9n empezar a romper con los prejuicios asociados a \u00e9ste.<\/p>\n\n\n\n<p>\u00abM\u00e9xico merece estar en otro lugar distinto del estigma en donde la guerra contra las drogas lo ha puesto. Merecen M\u00e9xico, Colombia y otros pa\u00edses de Am\u00e9rica Latina empezar a ser tendencia, evitar el colonialismo a trav\u00e9s de la educaci\u00f3n, generar educaci\u00f3n y conocimiento, e invertir los t\u00e9rminos de este binomio de injusticia y estigma\u00bb, afirm\u00f3.<\/p>\n\n\n\n<p>Al respecto, Gady Zabicky Sirot, titular de la Comisi\u00f3n Nacional contra las Adicciones (CONADIC), remarc\u00f3 la necesidad de regular esta pr\u00e1ctica a fin de combatir la contaminaci\u00f3n, automedicaci\u00f3n y su ejercicio ilegal en la medicina.<\/p>\n\n\n\n<p>De acuerdo con la p\u00e1gina web del PUIS, el diplomado est\u00e1 integrado por 13 m\u00f3dulos, 11 talleres y 112 temas de los cuales 92 son te\u00f3ricos; su duraci\u00f3n es de 232 horas distribuidas en 58 semanas; se impartir\u00e1 v\u00eda Zoom y Moodle los mi\u00e9rcoles de 14:00 a 18:00 horas.(Fuente:Agencia Reforma)<\/p>\n","protected":false},"excerpt":{"rendered":"<p>(Redacci\u00f3n) Samuel Ponce de Le\u00f3n Rosales, titular del PUIS, dicho programa contribuir\u00e1 a la formaci\u00f3n de recursos humanos para la investigaci\u00f3n, producci\u00f3n y prescripci\u00f3n de productos a base de cannabis y cannabinoides desde una perspectiva cient\u00edfica integral Ciudad de M\u00e9xico a 15 de febrero de 2022.-Mientras que en varios pa\u00edses de Latinoam\u00e9rica y del mundo [&hellip;]<\/p>\n","protected":false},"author":1,"featured_media":198603,"comment_status":"open","ping_status":"open","sticky":false,"template":"","format":"standard","meta":{"footnotes":""},"categories":[9,8],"tags":[],"class_list":["post-198602","post","type-post","status-publish","format-standard","has-post-thumbnail","hentry","category-educacion","category-pais","entry","has-media"],"jetpack_featured_media_url":"http:\/\/vertienteglobal.com\/wp-content\/uploads\/2022\/02\/169177.jpg","_links":{"self":[{"href":"http:\/\/vertienteglobal.com\/index.php?rest_route=\/wp\/v2\/posts\/198602","targetHints":{"allow":["GET"]}}],"collection":[{"href":"http:\/\/vertienteglobal.com\/index.php?rest_route=\/wp\/v2\/posts"}],"about":[{"href":"http:\/\/vertienteglobal.com\/index.php?rest_route=\/wp\/v2\/types\/post"}],"author":[{"embeddable":true,"href":"http:\/\/vertienteglobal.com\/index.php?rest_route=\/wp\/v2\/users\/1"}],"replies":[{"embeddable":true,"href":"http:\/\/vertienteglobal.com\/index.php?rest_route=%2Fwp%2Fv2%2Fcomments&post=198602"}],"version-history":[{"count":0,"href":"http:\/\/vertienteglobal.com\/index.php?rest_route=\/wp\/v2\/posts\/198602\/revisions"}],"wp:featuredmedia":[{"embeddable":true,"href":"http:\/\/vertienteglobal.com\/index.php?rest_route=\/wp\/v2\/media\/198603"}],"wp:attachment":[{"href":"http:\/\/vertienteglobal.com\/index.php?rest_route=%2Fwp%2Fv2%2Fmedia&parent=198602"}],"wp:term":[{"taxonomy":"category","embeddable":true,"href":"http:\/\/vertienteglobal.com\/index.php?rest_route=%2Fwp%2Fv2%2Fcategories&post=198602"},{"taxonomy":"post_tag","embeddable":true,"href":"http:\/\/vertienteglobal.com\/index.php?rest_route=%2Fwp%2Fv2%2Ftags&post=198602"}],"curies":[{"name":"wp","href":"https:\/\/api.w.org\/{rel}","templated":true}]}}