{"id":198523,"date":"2022-02-14T07:14:16","date_gmt":"2022-02-14T13:14:16","guid":{"rendered":"http:\/\/vertienteglobal.com\/?p=198523"},"modified":"2022-02-15T13:16:25","modified_gmt":"2022-02-15T19:16:25","slug":"sat-puede-quitarle-brillo-al-anillo-de-belinda-debera-mas-impuestos-por-el","status":"publish","type":"post","link":"http:\/\/vertienteglobal.com\/?p=198523","title":{"rendered":"SAT puede quitarle brillo al anillo de Belinda: \u00bfdeber\u00e1 m\u00e1s impuestos por \u00e9l?"},"content":{"rendered":"\n<div class=\"twitterbutton\" style=\"float: right; padding-left: 5px;\"><a href=\"http:\/\/twitter.com\/share\" class=\"twitter-share-button\" data-count=\"horizontal\" data-text=\"SAT puede quitarle brillo al anillo de Belinda: \u00bfdeber\u00e1 m\u00e1s impuestos por \u00e9l...\" data-via=\"https:\/\/twitter.com\/VertienteGloba1\" data-url=\"http:\/\/vertienteglobal.com\/?p=198523\" data-lang=\"es\" data-related=\"Informaci\u00f3n general:S\u00edguenos para que est\u00e9ss informado\"><\/a><\/div>\n<figure class=\"wp-block-image size-large\"><img loading=\"lazy\" decoding=\"async\" width=\"660\" height=\"330\" src=\"http:\/\/vertienteglobal.com\/wp-content\/uploads\/2022\/02\/f960x540-321876_395951_15-660x330-1.jpg\" alt=\"\" class=\"wp-image-198524\" srcset=\"http:\/\/vertienteglobal.com\/wp-content\/uploads\/2022\/02\/f960x540-321876_395951_15-660x330-1.jpg 660w, http:\/\/vertienteglobal.com\/wp-content\/uploads\/2022\/02\/f960x540-321876_395951_15-660x330-1-300x150.jpg 300w, http:\/\/vertienteglobal.com\/wp-content\/uploads\/2022\/02\/f960x540-321876_395951_15-660x330-1-150x75.jpg 150w\" sizes=\"auto, (max-width: 660px) 100vw, 660px\" \/><\/figure>\n\n\n\n<p>(Redacci\u00f3n)<\/p>\n\n\n\n<p><em><strong>Ante el rompimiento de Belinda y Christian Nodal, el anillo de compromiso meter\u00eda en nuevos problemas a la cantante<\/strong><\/em><\/p>\n\n\n\n<p>Ciudad de M\u00e9xico a 14 de febrero de 2022.-La cantante Belinda y Christian Nodal le pusieron fin a su historia de amor, pero el anillo de compromiso le traer\u00eda nuevos problemas a la cantante ante el Servicio de Administraci\u00f3n Tributaria (SAT), ya que tendr\u00eda que pagar el Impuesto Sobre la Renta (ISR) al tratarse de una donaci\u00f3n entre dos personas f\u00edsicas y a causa del elevado costo de la pieza: 60 millones de pesos.<\/p>\n\n\n\n<p>El anillo de compromiso que Christian Nodal le entreg\u00f3 a Belinda est\u00e1 valuado en 3 millones de d\u00f3lares (alrededor de 60 millones de pesos), el cual supera la cantidad que adeuda la tambi\u00e9n modelo y actriz ante el SAT: 7 millones 253 mil 769 pesos.<\/p>\n\n\n\n<p>De acuerdo con la Ley del ISR, el anillo de compromiso de Belinda debe pagar este gravamen al ser un regalo\/donativo entre particulares y no entre familiares, adem\u00e1s de que supera tres Unidades de Medida y Actualizaci\u00f3n (UMA) anuales , la cual est\u00e1 fijada en 35 mil 101 pesos en este 2022.<\/p>\n\n\n\n<p>Por estas razones, la tambi\u00e9n modelo tendr\u00eda que pagar un ISR equivalente a 21 millones de pesos, en caso de que se desee quedarse con el anillo de compromiso que le dio Christian Nodal, una cantidad superior a la que adeuda ante el SAT, de acuerdo con Gatitos contra la Desigualdad.<\/p>\n\n\n\n<p>Mientras que el C\u00f3digo Civil Federal (CCF) estipula que una donaci\u00f3n entre dos personas f\u00edsicas deber\u00e1 tener una escritura p\u00fablica en caso de que rebase los 5 mil pesos; mientras que si el donativo va de los 200 a los 5 mil pesos s\u00f3lo se debe hacer por escrito.<\/p>\n\n\n\n<p>\u00bfPor qu\u00e9 terminaron Christian Nodal y Belinda?<\/p>\n\n\n\n<p>Una de las primeras hip\u00f3tesis acerca de la ruptura es que Belinda le habr\u00eda pedido dinero para precisamente pagar su deuda con el SAT, cuesti\u00f3n a la que el int\u00e9rprete \u2018Adi\u00f3s Amor\u2019 no accedi\u00f3. El canal Chisme No Like afirma que la cantante pidi\u00f3 m\u00e1s dinero del que adeuda, situaci\u00f3n que incomod\u00f3 a su otrora prometido.<\/p>\n\n\n\n<p>Fue a trav\u00e9s de un mensaje en Instagram que Christian Nodal confirm\u00f3 su ruptura con Belinda, adem\u00e1s de que desde el 7 de febrero se dejaron de seguir en dicha red social; por esta raz\u00f3n, surgi\u00f3 el debate sobre si la cantante debe o no quedarse con el anillo de compromiso. (Fuente: Radio F\u00f3rmula)<\/p>\n","protected":false},"excerpt":{"rendered":"<p>(Redacci\u00f3n) Ante el rompimiento de Belinda y Christian Nodal, el anillo de compromiso meter\u00eda en nuevos problemas a la cantante Ciudad de M\u00e9xico a 14 de febrero de 2022.-La cantante Belinda y Christian Nodal le pusieron fin a su historia de amor, pero el anillo de compromiso le traer\u00eda nuevos problemas a la cantante ante [&hellip;]<\/p>\n","protected":false},"author":1,"featured_media":198524,"comment_status":"open","ping_status":"open","sticky":false,"template":"","format":"standard","meta":{"footnotes":""},"categories":[10],"tags":[],"class_list":["post-198523","post","type-post","status-publish","format-standard","has-post-thumbnail","hentry","category-espectaculos","entry","has-media"],"jetpack_featured_media_url":"http:\/\/vertienteglobal.com\/wp-content\/uploads\/2022\/02\/f960x540-321876_395951_15-660x330-1.jpg","_links":{"self":[{"href":"http:\/\/vertienteglobal.com\/index.php?rest_route=\/wp\/v2\/posts\/198523","targetHints":{"allow":["GET"]}}],"collection":[{"href":"http:\/\/vertienteglobal.com\/index.php?rest_route=\/wp\/v2\/posts"}],"about":[{"href":"http:\/\/vertienteglobal.com\/index.php?rest_route=\/wp\/v2\/types\/post"}],"author":[{"embeddable":true,"href":"http:\/\/vertienteglobal.com\/index.php?rest_route=\/wp\/v2\/users\/1"}],"replies":[{"embeddable":true,"href":"http:\/\/vertienteglobal.com\/index.php?rest_route=%2Fwp%2Fv2%2Fcomments&post=198523"}],"version-history":[{"count":0,"href":"http:\/\/vertienteglobal.com\/index.php?rest_route=\/wp\/v2\/posts\/198523\/revisions"}],"wp:featuredmedia":[{"embeddable":true,"href":"http:\/\/vertienteglobal.com\/index.php?rest_route=\/wp\/v2\/media\/198524"}],"wp:attachment":[{"href":"http:\/\/vertienteglobal.com\/index.php?rest_route=%2Fwp%2Fv2%2Fmedia&parent=198523"}],"wp:term":[{"taxonomy":"category","embeddable":true,"href":"http:\/\/vertienteglobal.com\/index.php?rest_route=%2Fwp%2Fv2%2Fcategories&post=198523"},{"taxonomy":"post_tag","embeddable":true,"href":"http:\/\/vertienteglobal.com\/index.php?rest_route=%2Fwp%2Fv2%2Ftags&post=198523"}],"curies":[{"name":"wp","href":"https:\/\/api.w.org\/{rel}","templated":true}]}}