{"id":198304,"date":"2022-02-10T11:51:00","date_gmt":"2022-02-10T17:51:00","guid":{"rendered":"http:\/\/vertienteglobal.com\/?p=198304"},"modified":"2022-02-10T12:00:43","modified_gmt":"2022-02-10T18:00:43","slug":"alertan-que-datos-biometricos-actualmente-corren-peligro-de-ser-hackeados-que-son","status":"publish","type":"post","link":"http:\/\/vertienteglobal.com\/?p=198304","title":{"rendered":"Alertan que datos biom\u00e9tricos actualmente corren peligro de ser hackeados, \u00bfQu\u00e9 son?"},"content":{"rendered":"\n<div class=\"twitterbutton\" style=\"float: right; padding-left: 5px;\"><a href=\"http:\/\/twitter.com\/share\" class=\"twitter-share-button\" data-count=\"horizontal\" data-text=\"Alertan que datos biom\u00e9tricos actualmente corren peligro de ser hackeados, \u00bfQu...\" data-via=\"https:\/\/twitter.com\/VertienteGloba1\" data-url=\"http:\/\/vertienteglobal.com\/?p=198304\" data-lang=\"es\" data-related=\"Informaci\u00f3n general:S\u00edguenos para que est\u00e9ss informado\"><\/a><\/div>\n<figure class=\"wp-block-image size-large\"><img loading=\"lazy\" decoding=\"async\" width=\"1024\" height=\"683\" src=\"http:\/\/vertienteglobal.com\/wp-content\/uploads\/2022\/02\/1200426.jpg\" alt=\"\" class=\"wp-image-198305\" srcset=\"http:\/\/vertienteglobal.com\/wp-content\/uploads\/2022\/02\/1200426.jpg 1024w, http:\/\/vertienteglobal.com\/wp-content\/uploads\/2022\/02\/1200426-300x200.jpg 300w, http:\/\/vertienteglobal.com\/wp-content\/uploads\/2022\/02\/1200426-150x100.jpg 150w, http:\/\/vertienteglobal.com\/wp-content\/uploads\/2022\/02\/1200426-768x512.jpg 768w\" sizes=\"auto, (max-width: 1024px) 100vw, 1024px\" \/><\/figure>\n\n\n\n<p>(Redacci\u00f3n)<\/p>\n\n\n\n<p>Explic\u00f3 que los datos biom\u00e9tricos se guardan en los pasaportes o c\u00f3digos bidimensionales o tridimensionales y guardan la minucia, es decir, la matriz de las huellas digitales de las personas<\/p>\n\n\n\n<p>Veracruz, Veracruz a 10 de febrero de 2022.-El<br>director general de Tecnolog\u00edas de la Informaci\u00f3n de la Universidad de las Am\u00e9ricas Puebla (UDLAP),Fernando Thompson, alert\u00f3 que actualmente los datos biom\u00e9tricos pueden ser hackeados.<\/p>\n\n\n\n<p>Y es que en entrevista para XEU en el programa Periodismo de An\u00e1lisis, esto explic\u00f3 el director general de Tecnolog\u00edas de la UDLAP:<\/p>\n\n\n\n<p>\u00abUn dato biom\u00e9trico es aquel que est\u00e1 relacionado con tus caracter\u00edsticas humanas intr\u00ednsecas. Se dividen en dos categor\u00edas: f\u00edsicos o de comportamiento. Los identificadores f\u00edsicos son, en su mayor\u00eda, inalterables y por ello son rasgos que se usan con mayor frecuencia. Actualmente, los datos biom\u00e9tricos corren mucho peligro porque pueden ser hackeados\u00bb.<\/p>\n\n\n\n<p>Explic\u00f3 que los datos biom\u00e9tricos se guardan en los pasaportes o c\u00f3digos bidimensionales o tridimensionales y guardan la minucia, es decir, la matriz de las huellas digitales de las personas.<\/p>\n\n\n\n<p>Por \u00faltimo agreg\u00f3 que si una persona se adue\u00f1a de los datos biom\u00e9tricos de otra, se corre el riesgo de que se podr\u00eda usurpar f\u00e1cilmente la identidad.(Fuente: XeuNoticias)<\/p>\n","protected":false},"excerpt":{"rendered":"<p>(Redacci\u00f3n) Explic\u00f3 que los datos biom\u00e9tricos se guardan en los pasaportes o c\u00f3digos bidimensionales o tridimensionales y guardan la minucia, es decir, la matriz de las huellas digitales de las personas Veracruz, Veracruz a 10 de febrero de 2022.-Eldirector general de Tecnolog\u00edas de la Informaci\u00f3n de la Universidad de las Am\u00e9ricas Puebla (UDLAP),Fernando Thompson, alert\u00f3 [&hellip;]<\/p>\n","protected":false},"author":1,"featured_media":198305,"comment_status":"open","ping_status":"open","sticky":false,"template":"","format":"standard","meta":{"footnotes":""},"categories":[7],"tags":[],"class_list":["post-198304","post","type-post","status-publish","format-standard","has-post-thumbnail","hentry","category-veracruz","entry","has-media"],"jetpack_featured_media_url":"http:\/\/vertienteglobal.com\/wp-content\/uploads\/2022\/02\/1200426.jpg","_links":{"self":[{"href":"http:\/\/vertienteglobal.com\/index.php?rest_route=\/wp\/v2\/posts\/198304","targetHints":{"allow":["GET"]}}],"collection":[{"href":"http:\/\/vertienteglobal.com\/index.php?rest_route=\/wp\/v2\/posts"}],"about":[{"href":"http:\/\/vertienteglobal.com\/index.php?rest_route=\/wp\/v2\/types\/post"}],"author":[{"embeddable":true,"href":"http:\/\/vertienteglobal.com\/index.php?rest_route=\/wp\/v2\/users\/1"}],"replies":[{"embeddable":true,"href":"http:\/\/vertienteglobal.com\/index.php?rest_route=%2Fwp%2Fv2%2Fcomments&post=198304"}],"version-history":[{"count":0,"href":"http:\/\/vertienteglobal.com\/index.php?rest_route=\/wp\/v2\/posts\/198304\/revisions"}],"wp:featuredmedia":[{"embeddable":true,"href":"http:\/\/vertienteglobal.com\/index.php?rest_route=\/wp\/v2\/media\/198305"}],"wp:attachment":[{"href":"http:\/\/vertienteglobal.com\/index.php?rest_route=%2Fwp%2Fv2%2Fmedia&parent=198304"}],"wp:term":[{"taxonomy":"category","embeddable":true,"href":"http:\/\/vertienteglobal.com\/index.php?rest_route=%2Fwp%2Fv2%2Fcategories&post=198304"},{"taxonomy":"post_tag","embeddable":true,"href":"http:\/\/vertienteglobal.com\/index.php?rest_route=%2Fwp%2Fv2%2Ftags&post=198304"}],"curies":[{"name":"wp","href":"https:\/\/api.w.org\/{rel}","templated":true}]}}