{"id":198149,"date":"2022-02-08T18:24:44","date_gmt":"2022-02-09T00:24:44","guid":{"rendered":"http:\/\/vertienteglobal.com\/?p=198149"},"modified":"2022-02-09T00:58:53","modified_gmt":"2022-02-09T06:58:53","slug":"reconoce-roberto-palazuelos-que-su-candidatura-en-movimiento-ciudadano-esta-en-riesgos-por-escandalos","status":"publish","type":"post","link":"http:\/\/vertienteglobal.com\/?p=198149","title":{"rendered":"Reconoce Roberto Palazuelos que su candidatura en Movimiento Ciudadano est\u00e1 en riesgos por esc\u00e1ndalos"},"content":{"rendered":"\n<div class=\"twitterbutton\" style=\"float: right; padding-left: 5px;\"><a href=\"http:\/\/twitter.com\/share\" class=\"twitter-share-button\" data-count=\"horizontal\" data-text=\"Reconoce Roberto Palazuelos que su candidatura en Movimiento Ciudadano est\u00e1 en ...\" data-via=\"https:\/\/twitter.com\/VertienteGloba1\" data-url=\"http:\/\/vertienteglobal.com\/?p=198149\" data-lang=\"es\" data-related=\"Informaci\u00f3n general:S\u00edguenos para que est\u00e9ss informado\"><\/a><\/div>\n<figure class=\"wp-block-image size-large\"><img loading=\"lazy\" decoding=\"async\" width=\"1024\" height=\"498\" src=\"http:\/\/vertienteglobal.com\/wp-content\/uploads\/2022\/02\/20220208_154812-1024x498.jpg\" alt=\"\" class=\"wp-image-198150\" srcset=\"http:\/\/vertienteglobal.com\/wp-content\/uploads\/2022\/02\/20220208_154812-1024x498.jpg 1024w, http:\/\/vertienteglobal.com\/wp-content\/uploads\/2022\/02\/20220208_154812-300x146.jpg 300w, http:\/\/vertienteglobal.com\/wp-content\/uploads\/2022\/02\/20220208_154812-150x73.jpg 150w, http:\/\/vertienteglobal.com\/wp-content\/uploads\/2022\/02\/20220208_154812-768x374.jpg 768w, http:\/\/vertienteglobal.com\/wp-content\/uploads\/2022\/02\/20220208_154812.jpg 1280w\" sizes=\"auto, (max-width: 1024px) 100vw, 1024px\" \/><\/figure>\n\n\n\n<p>(Redacci\u00f3n)<\/p>\n\n\n\n<p><\/p>\n\n\n\n<p>Chetumal, Quintana Roo a 08 de febrero de 2022.-El aspirante a la candidatura por la gobernatura de Movimiento Ciudadano, Roberto Palazuelos, reconoci\u00f3 que su candidatura est\u00e1 en riesgo, pero que todo lo ha dejado en la mano de Dios, sin embargo, declin\u00f3 hablar de s\u00ed declinar\u00e1 su aspiraci\u00f3n en bien de la imagen de Movimiento Ciudadano.<\/p>\n\n\n\n<p>Y es que en conferencia de prensa, el aspirante de Movimiento Ciudadano a la gubernatura de Quintana Roo, dijo que no se pelear\u00e1 con nadie por lo que no enjuiciar\u00e1 al gobernador Carlos Joaqu\u00edn Gonz\u00e1lez ya que su mayor error fue pelearse con todos.<\/p>\n\n\n\n<p>Confirm\u00f3 que s\u00f3lo \u00e9l se encuentra realizando campa\u00f1a como precandidato a la candidatura a la gubernatura del Estado.<\/p>\n\n\n\n<p>Afirm\u00f3 que es objeto de una \u2018guerra sucia\u2019 de sus detractores, afirm\u00f3 que no le debe nada a Jos\u00e9 Luis \u00abChanito\u00bb Toledo Medina, ex dirigente estatal de Movimiento Ciudadano, pero que s\u00ed es amigo de la senadora Marybel Villegas Canch\u00e9<\/p>\n\n\n\n<p>Reconoci\u00f3 que al interior de Movimiento Ciudadano hay mucha \u2018grilla\u2019 en su contra, pero que respeta la opini\u00f3n que han emitido algunos senadores sobre su conducta: \u201ca lo mejor no tengo experiencia pol\u00edtica pero aprendo r\u00e1pido\u201d.<\/p>\n\n\n\n<p>\u201cTodos los partidos tienen su guerra interna y soy respetuoso de las declaraciones de la senadora. La moneda est\u00e1 en el aire y si llega a pasar algo ser\u00e1 ya de Dios\u201d.<\/p>\n\n\n\n<p>Tras la aparici\u00f3n de contenidos de entrevistas que ha dado en los \u00faltimos a\u00f1os en las que habla de su relaci\u00f3n con hijos de ex presidentes, excesos e incluso asesinatos, afirm\u00f3 que no tiene que contrarrestar porque son pura tonter\u00eda.<\/p>\n\n\n\n<p>Dijo: \u00abSon esc\u00e1ndalos chiquitos comparados a los esc\u00e1ndalos m\u00e1s fuertes que hay en la entidad. Son esc\u00e1ndalos chiquitos pero buscar\u00e1n otras cosas m\u00e1s pero no hay nada que ocultar\u201d.<\/p>\n\n\n\n<p>Asegur\u00f3 que ya no cae en excesos como lo hizo en su juventud y que ahora se duerme temprano \u201cy si me tengo que ir de vacaciones agarro mi jet privado y me voy\u201d.<\/p>\n\n\n\n<p>Dijo que como empresario tuvo relaciones con Mario Villanueva Madrid, Joaqu\u00edn Hendricks, F\u00e9lix Gonz\u00e1lez, Roberto Borge y Carlos Joaqu\u00edn con quienes abord\u00f3 temas de inversiones y de seguridad \u201cy no estoy aqu\u00ed para enjuiciar a nadie\u201d.<\/p>\n\n\n\n<p>Roberto Palazuelos afirm\u00f3 que despachar\u00e1 desde la Casa de Gobierno en Chetumal al lograr la gubernatura, ya que se encuentra a 9 puntos de Morena y que crecer\u00e1 como espuma una vez que d\u00e9 a conocer sus propuestas de campa\u00f1a.<\/p>\n\n\n\n<p>Lament\u00f3 la guerra sucia que se ha desatado en su contra tal y como ha sucedido en los \u00faltimos sexenios \u201ctodo es meter a la c\u00e1rcel al adversario. Hay que crecer en el nivel de campa\u00f1a\u201d.<\/p>\n\n\n\n<p>Palazuelos confirm\u00f3 que ser\u00e1 en su momento cuando ponga sus demandas por calumnia y difamaci\u00f3n: \u201cmis cuentas alg\u00fan d\u00eda se habr\u00e1n de ajustar\u201d.<\/p>\n\n\n\n<p>Aclar\u00f3 que no hay 90 demandas en su contra y que si las hubiera ya las hubiera ganado todas.<\/p>\n\n\n\n<p>Por \u00faltimo agreg\u00f3 que se malinterpretaron sus declaraciones cuando dijo admirar al Chapo Guzm\u00e1n: \u201clo que dije fue que me admir\u00f3 su fuga\u201d.<\/p>\n","protected":false},"excerpt":{"rendered":"<p>(Redacci\u00f3n) Chetumal, Quintana Roo a 08 de febrero de 2022.-El aspirante a la candidatura por la gobernatura de Movimiento Ciudadano, Roberto Palazuelos, reconoci\u00f3 que su candidatura est\u00e1 en riesgo, pero que todo lo ha dejado en la mano de Dios, sin embargo, declin\u00f3 hablar de s\u00ed declinar\u00e1 su aspiraci\u00f3n en bien de la imagen de [&hellip;]<\/p>\n","protected":false},"author":1,"featured_media":198150,"comment_status":"open","ping_status":"open","sticky":false,"template":"","format":"standard","meta":{"footnotes":""},"categories":[3],"tags":[],"class_list":["post-198149","post","type-post","status-publish","format-standard","has-post-thumbnail","hentry","category-quintana-roo","entry","has-media"],"jetpack_featured_media_url":"http:\/\/vertienteglobal.com\/wp-content\/uploads\/2022\/02\/20220208_154812.jpg","_links":{"self":[{"href":"http:\/\/vertienteglobal.com\/index.php?rest_route=\/wp\/v2\/posts\/198149","targetHints":{"allow":["GET"]}}],"collection":[{"href":"http:\/\/vertienteglobal.com\/index.php?rest_route=\/wp\/v2\/posts"}],"about":[{"href":"http:\/\/vertienteglobal.com\/index.php?rest_route=\/wp\/v2\/types\/post"}],"author":[{"embeddable":true,"href":"http:\/\/vertienteglobal.com\/index.php?rest_route=\/wp\/v2\/users\/1"}],"replies":[{"embeddable":true,"href":"http:\/\/vertienteglobal.com\/index.php?rest_route=%2Fwp%2Fv2%2Fcomments&post=198149"}],"version-history":[{"count":0,"href":"http:\/\/vertienteglobal.com\/index.php?rest_route=\/wp\/v2\/posts\/198149\/revisions"}],"wp:featuredmedia":[{"embeddable":true,"href":"http:\/\/vertienteglobal.com\/index.php?rest_route=\/wp\/v2\/media\/198150"}],"wp:attachment":[{"href":"http:\/\/vertienteglobal.com\/index.php?rest_route=%2Fwp%2Fv2%2Fmedia&parent=198149"}],"wp:term":[{"taxonomy":"category","embeddable":true,"href":"http:\/\/vertienteglobal.com\/index.php?rest_route=%2Fwp%2Fv2%2Fcategories&post=198149"},{"taxonomy":"post_tag","embeddable":true,"href":"http:\/\/vertienteglobal.com\/index.php?rest_route=%2Fwp%2Fv2%2Ftags&post=198149"}],"curies":[{"name":"wp","href":"https:\/\/api.w.org\/{rel}","templated":true}]}}