{"id":198052,"date":"2022-02-06T21:50:00","date_gmt":"2022-02-07T03:50:00","guid":{"rendered":"http:\/\/vertienteglobal.com\/?p=198052"},"modified":"2022-02-07T11:59:28","modified_gmt":"2022-02-07T17:59:28","slug":"meta-lanza-avatares-en-3d-en-facebook-instagram-y-messenger","status":"publish","type":"post","link":"http:\/\/vertienteglobal.com\/?p=198052","title":{"rendered":"Meta lanza avatares en 3D en Facebook, Instagram y Messenger"},"content":{"rendered":"\n<div class=\"twitterbutton\" style=\"float: right; padding-left: 5px;\"><a href=\"http:\/\/twitter.com\/share\" class=\"twitter-share-button\" data-count=\"horizontal\" data-text=\"Meta lanza avatares en 3D en Facebook, Instagram y Messenger\" data-via=\"https:\/\/twitter.com\/VertienteGloba1\" data-url=\"http:\/\/vertienteglobal.com\/?p=198052\" data-lang=\"es\" data-related=\"Informaci\u00f3n general:S\u00edguenos para que est\u00e9ss informado\"><\/a><\/div>\n<figure class=\"wp-block-image size-large\"><img loading=\"lazy\" decoding=\"async\" width=\"1024\" height=\"631\" src=\"http:\/\/vertienteglobal.com\/wp-content\/uploads\/2022\/02\/168352.jpg\" alt=\"\" class=\"wp-image-198053\" srcset=\"http:\/\/vertienteglobal.com\/wp-content\/uploads\/2022\/02\/168352.jpg 1024w, http:\/\/vertienteglobal.com\/wp-content\/uploads\/2022\/02\/168352-300x185.jpg 300w, http:\/\/vertienteglobal.com\/wp-content\/uploads\/2022\/02\/168352-150x92.jpg 150w, http:\/\/vertienteglobal.com\/wp-content\/uploads\/2022\/02\/168352-768x473.jpg 768w\" sizes=\"auto, (max-width: 1024px) 100vw, 1024px\" \/><\/figure>\n\n\n\n<p>(Redacci\u00f3n)<\/p>\n\n\n\n<p>Esta herramienta permitir\u00e1 que las personas aparezcan como su Avatar en su foto de perfil de Facebook y en comentarios<\/p>\n\n\n\n<p>Ciudad de M\u00e9xico a 06 de febrero de 2022.-El Metaverso sigue avanzando en su consolidaci\u00f3n y la compa\u00f1\u00eda anunci\u00f3 que lanz\u00f3 Avatares 3D en Facebook, Instagram y Messenger para los usuarios en Estados Unidos, M\u00e9xico y Canad\u00e1.<\/p>\n\n\n\n<p>Por el momento, la compa\u00f1\u00eda explica que la llegada de estas funciones al resto de Am\u00e9rica Latina ser\u00e1 en los pr\u00f3ximos meses.<\/p>\n\n\n\n<p>Esta herramienta permitir\u00e1 que las personas aparezcan como su Avatar en su foto de perfil de Facebook y en comentarios. <\/p>\n\n\n\n<p>Tambi\u00e9n crear stickers con su apariencia en este Metaverso para a\u00f1adir a las historias y m\u00e1s extensiones.<\/p>\n\n\n\n<p>En caso de que se haya creado previamente un avatar en Facebook, este entrar\u00e1 autom\u00e1ticamente har\u00e1 parte de la actualizaci\u00f3n e incluso la compa\u00f1\u00eda ha informado que los usuarios podr\u00e1n editar su apariencia para generar los cambios que deseen.<\/p>\n\n\n\n<p>Los usuarios a\u00fan tienen la opci\u00f3n de crear diferentes avatares para diferentes plataformas. Meta dice que con el tiempo, su objetivo es facilitar que los usuarios muevan su avatar de un lugar a otro y planea compartir m\u00e1s actualizaciones sobre esto en el futuro. (Fuente: ElUniversal\/ElComercio)<\/p>\n","protected":false},"excerpt":{"rendered":"<p>(Redacci\u00f3n) Esta herramienta permitir\u00e1 que las personas aparezcan como su Avatar en su foto de perfil de Facebook y en comentarios Ciudad de M\u00e9xico a 06 de febrero de 2022.-El Metaverso sigue avanzando en su consolidaci\u00f3n y la compa\u00f1\u00eda anunci\u00f3 que lanz\u00f3 Avatares 3D en Facebook, Instagram y Messenger para los usuarios en Estados Unidos, [&hellip;]<\/p>\n","protected":false},"author":1,"featured_media":198053,"comment_status":"open","ping_status":"open","sticky":false,"template":"","format":"standard","meta":{"footnotes":""},"categories":[8],"tags":[],"class_list":["post-198052","post","type-post","status-publish","format-standard","has-post-thumbnail","hentry","category-pais","entry","has-media"],"jetpack_featured_media_url":"http:\/\/vertienteglobal.com\/wp-content\/uploads\/2022\/02\/168352.jpg","_links":{"self":[{"href":"http:\/\/vertienteglobal.com\/index.php?rest_route=\/wp\/v2\/posts\/198052","targetHints":{"allow":["GET"]}}],"collection":[{"href":"http:\/\/vertienteglobal.com\/index.php?rest_route=\/wp\/v2\/posts"}],"about":[{"href":"http:\/\/vertienteglobal.com\/index.php?rest_route=\/wp\/v2\/types\/post"}],"author":[{"embeddable":true,"href":"http:\/\/vertienteglobal.com\/index.php?rest_route=\/wp\/v2\/users\/1"}],"replies":[{"embeddable":true,"href":"http:\/\/vertienteglobal.com\/index.php?rest_route=%2Fwp%2Fv2%2Fcomments&post=198052"}],"version-history":[{"count":0,"href":"http:\/\/vertienteglobal.com\/index.php?rest_route=\/wp\/v2\/posts\/198052\/revisions"}],"wp:featuredmedia":[{"embeddable":true,"href":"http:\/\/vertienteglobal.com\/index.php?rest_route=\/wp\/v2\/media\/198053"}],"wp:attachment":[{"href":"http:\/\/vertienteglobal.com\/index.php?rest_route=%2Fwp%2Fv2%2Fmedia&parent=198052"}],"wp:term":[{"taxonomy":"category","embeddable":true,"href":"http:\/\/vertienteglobal.com\/index.php?rest_route=%2Fwp%2Fv2%2Fcategories&post=198052"},{"taxonomy":"post_tag","embeddable":true,"href":"http:\/\/vertienteglobal.com\/index.php?rest_route=%2Fwp%2Fv2%2Ftags&post=198052"}],"curies":[{"name":"wp","href":"https:\/\/api.w.org\/{rel}","templated":true}]}}