{"id":198018,"date":"2022-02-05T21:50:33","date_gmt":"2022-02-06T03:50:33","guid":{"rendered":"http:\/\/vertienteglobal.com\/?p=198018"},"modified":"2022-02-06T08:43:57","modified_gmt":"2022-02-06T14:43:57","slug":"estos-son-las-secuelas-que-puede-dejar-el-covid-19","status":"publish","type":"post","link":"http:\/\/vertienteglobal.com\/?p=198018","title":{"rendered":"Estos son las secuelas que puede dejar el COVID-19"},"content":{"rendered":"\n<div class=\"twitterbutton\" style=\"float: right; padding-left: 5px;\"><a href=\"http:\/\/twitter.com\/share\" class=\"twitter-share-button\" data-count=\"horizontal\" data-text=\"Estos son las secuelas que puede dejar el COVID-19\" data-via=\"https:\/\/twitter.com\/VertienteGloba1\" data-url=\"http:\/\/vertienteglobal.com\/?p=198018\" data-lang=\"es\" data-related=\"Informaci\u00f3n general:S\u00edguenos para que est\u00e9ss informado\"><\/a><\/div>\n<figure class=\"wp-block-image size-large\"><img loading=\"lazy\" decoding=\"async\" width=\"1024\" height=\"683\" src=\"http:\/\/vertienteglobal.com\/wp-content\/uploads\/2022\/02\/1199652.jpg\" alt=\"\" class=\"wp-image-198019\" srcset=\"http:\/\/vertienteglobal.com\/wp-content\/uploads\/2022\/02\/1199652.jpg 1024w, http:\/\/vertienteglobal.com\/wp-content\/uploads\/2022\/02\/1199652-300x200.jpg 300w, http:\/\/vertienteglobal.com\/wp-content\/uploads\/2022\/02\/1199652-150x100.jpg 150w, http:\/\/vertienteglobal.com\/wp-content\/uploads\/2022\/02\/1199652-768x512.jpg 768w\" sizes=\"auto, (max-width: 1024px) 100vw, 1024px\" \/><\/figure>\n\n\n\n<p>(Redacci\u00f3n)<\/p>\n\n\n\n<p>Informoqnue todas estas secuelas pueden ser tratadas en la Cruz Roja<\/p>\n\n\n\n<p>Veracruz, Veracruz a 05 de febrero de 2022.-El doctor Eduardo Cantarell Castillo, instructor del \u00e1rea de capacitaci\u00f3n de la Cruz Roja en Veracruz, alert\u00f3 que la variante \u00d3micron del COVID-19 es la m\u00e1s contagiasa hasta el momento.<\/p>\n\n\n\n<p>Y es que en entrevista para XEU Noticias, advirti\u00f3 sobre las secuelas tanto leves como las que se presentan de manera cr\u00f3nica:<\/p>\n\n\n\n<p>Dolor de cabeza<br>Cansancio<br>Lentitud del pensamiento<br>Neuritis<br>Dolos Muscular<br>Retraso en el ciclo menstrual<br>Tinnitus<br>Problemas en la piel<br>Dificultad respiratoria<\/p>\n\n\n\n<p>Por \u00faltimo agreg\u00f3 que toda estas secuelas pueden ser tratadas en la Cruz Roja, para mayor informaci\u00f3n se puede llamar al 22 99 23 44 00.(Fuente: XeuNoticias)<\/p>\n","protected":false},"excerpt":{"rendered":"<p>(Redacci\u00f3n) Informoqnue todas estas secuelas pueden ser tratadas en la Cruz Roja Veracruz, Veracruz a 05 de febrero de 2022.-El doctor Eduardo Cantarell Castillo, instructor del \u00e1rea de capacitaci\u00f3n de la Cruz Roja en Veracruz, alert\u00f3 que la variante \u00d3micron del COVID-19 es la m\u00e1s contagiasa hasta el momento. Y es que en entrevista para [&hellip;]<\/p>\n","protected":false},"author":1,"featured_media":198019,"comment_status":"open","ping_status":"open","sticky":false,"template":"","format":"standard","meta":{"footnotes":""},"categories":[7],"tags":[],"class_list":["post-198018","post","type-post","status-publish","format-standard","has-post-thumbnail","hentry","category-veracruz","entry","has-media"],"jetpack_featured_media_url":"http:\/\/vertienteglobal.com\/wp-content\/uploads\/2022\/02\/1199652.jpg","_links":{"self":[{"href":"http:\/\/vertienteglobal.com\/index.php?rest_route=\/wp\/v2\/posts\/198018","targetHints":{"allow":["GET"]}}],"collection":[{"href":"http:\/\/vertienteglobal.com\/index.php?rest_route=\/wp\/v2\/posts"}],"about":[{"href":"http:\/\/vertienteglobal.com\/index.php?rest_route=\/wp\/v2\/types\/post"}],"author":[{"embeddable":true,"href":"http:\/\/vertienteglobal.com\/index.php?rest_route=\/wp\/v2\/users\/1"}],"replies":[{"embeddable":true,"href":"http:\/\/vertienteglobal.com\/index.php?rest_route=%2Fwp%2Fv2%2Fcomments&post=198018"}],"version-history":[{"count":0,"href":"http:\/\/vertienteglobal.com\/index.php?rest_route=\/wp\/v2\/posts\/198018\/revisions"}],"wp:featuredmedia":[{"embeddable":true,"href":"http:\/\/vertienteglobal.com\/index.php?rest_route=\/wp\/v2\/media\/198019"}],"wp:attachment":[{"href":"http:\/\/vertienteglobal.com\/index.php?rest_route=%2Fwp%2Fv2%2Fmedia&parent=198018"}],"wp:term":[{"taxonomy":"category","embeddable":true,"href":"http:\/\/vertienteglobal.com\/index.php?rest_route=%2Fwp%2Fv2%2Fcategories&post=198018"},{"taxonomy":"post_tag","embeddable":true,"href":"http:\/\/vertienteglobal.com\/index.php?rest_route=%2Fwp%2Fv2%2Ftags&post=198018"}],"curies":[{"name":"wp","href":"https:\/\/api.w.org\/{rel}","templated":true}]}}