{"id":198009,"date":"2022-02-05T17:52:39","date_gmt":"2022-02-05T23:52:39","guid":{"rendered":"http:\/\/vertienteglobal.com\/?p=198009"},"modified":"2022-02-06T08:25:28","modified_gmt":"2022-02-06T14:25:28","slug":"reformas-a-la-constitucion-son-para-revertir-danos-del-periodo-neoliberal-amlo","status":"publish","type":"post","link":"http:\/\/vertienteglobal.com\/?p=198009","title":{"rendered":"Reformas a la Constituci\u00f3n son para revertir da\u00f1os del periodo neoliberal: AMLO"},"content":{"rendered":"\n<div class=\"twitterbutton\" style=\"float: right; padding-left: 5px;\"><a href=\"http:\/\/twitter.com\/share\" class=\"twitter-share-button\" data-count=\"horizontal\" data-text=\"Reformas a la Constituci\u00f3n son para revertir da\u00f1os del periodo neoliberal: AML...\" data-via=\"https:\/\/twitter.com\/VertienteGloba1\" data-url=\"http:\/\/vertienteglobal.com\/?p=198009\" data-lang=\"es\" data-related=\"Informaci\u00f3n general:S\u00edguenos para que est\u00e9ss informado\"><\/a><\/div>\n<figure class=\"wp-block-image size-large\"><img loading=\"lazy\" decoding=\"async\" width=\"720\" height=\"481\" src=\"http:\/\/vertienteglobal.com\/wp-content\/uploads\/2022\/02\/FB_IMG_1644156896506.jpg\" alt=\"\" class=\"wp-image-198010\" srcset=\"http:\/\/vertienteglobal.com\/wp-content\/uploads\/2022\/02\/FB_IMG_1644156896506.jpg 720w, http:\/\/vertienteglobal.com\/wp-content\/uploads\/2022\/02\/FB_IMG_1644156896506-300x200.jpg 300w, http:\/\/vertienteglobal.com\/wp-content\/uploads\/2022\/02\/FB_IMG_1644156896506-150x100.jpg 150w\" sizes=\"auto, (max-width: 720px) 100vw, 720px\" \/><\/figure>\n\n\n\n<p>(Redacci\u00f3n)<\/p>\n\n\n\n<p>L\u00f3pez Obrador tambi\u00e9n destac\u00f3 que se haya logrado reformar el art\u00edculo 28 para prohibir la condonaci\u00f3n de impuestos<\/p>\n\n\n\n<p>Queretaro, Queretaro, a 05 de febrero de 2022.-El presidente Andr\u00e9s Manuel L\u00f3pez Obrador (AMLO) destac\u00f3 que a 105 a\u00f1os de la promulgaci\u00f3n de la Constituci\u00f3n mexicana, a\u00fan faltan por implementar diversas modificaciones a la Carta Magna como las reforma el\u00e9ctrica, la electoral y la de la Guardia Nacional, con la finalidad de garantizar la justicia al pueblo de M\u00e9xico.<\/p>\n\n\n\n<p>Desde el Teatro de la Rep\u00fablica, ubicado en Quer\u00e9taro, en donde el mandatario encabez\u00f3 la ceremonia por el 105 Aniversario de la Promulgaci\u00f3n de la Constituci\u00f3n Pol\u00edtica, confes\u00f3 que despu\u00e9s de su triunfo electoral en 2018, pens\u00f3 en que era necesario escribir una nueva Constituci\u00f3n, debido a que todas las reformas que se realizaron en el periodo neoliberal, fueron en beneficio de una minor\u00eda. Sin embargo, se opt\u00f3 por implementar nuevas reformas que revirtieran lo que ya se hab\u00eda modificado.<\/p>\n\n\n\n<p>\u201c(\u2026) hubo graves retrocesos\u2026 Por eso cuando aqu\u00ed Sergio (Guti\u00e9rrez Luna, presidente de la Mesa Directiva de la C\u00e1mara de Diputados) hablaba de que se hac\u00eda necesaria, despu\u00e9s de nuestro triunfo, proponer una nueva Constituci\u00f3n, lo pensamos; porque todas la reformas que se hicieron en 36 a\u00f1os, fueron para ajustar el marco legal en beneficio de las minor\u00edas, no para defender al pueblo ni hacer valer nuestra soberan\u00eda (\u2026 ) entonces imag\u00ednense lo que nos hubiese costado llevar a cabo un cambio as\u00ed, el tener una nueva Constituci\u00f3n. Nos hubiese desgastado, nos hubiese confrontado, no hubi\u00e9semos avanzado. Entonces optamos por reformar, buscando los equilibrios, tambi\u00e9n la conciliaci\u00f3n y se avanz\u00f3 en reformas muy importantes\u201d, asegur\u00f3.<\/p>\n\n\n\n<p>Acompa\u00f1ado por el presidente de la Suprema Corte de Justicia de la Naci\u00f3n, Arturo Zald\u00edvar, as\u00ed como del presidente de la Mesa Directiva de la C\u00e1mara de Diputados, Sergio Guti\u00e9rrez Luna; la presidenta de la Mesa Directiva del Senado, Olga S\u00e1nchez Cordero; del Secretario de Gobernaci\u00f3n, Ad\u00e1n Augusto L\u00f3pez; de jefes de las fuerzas armadas, as\u00ed como de gobernadores constitucionales del pa\u00eds, entre otros funcionarios como el presidente del INE, Lorenzo C\u00f3rdova; el Jefe del Ejecutivo destac\u00f3 la importancia de las reformas que se han implementado en este sexenio, como el haber elevado a rango constitucional las pensiones a adultos mayores, las becas y el derecho a la salud.<\/p>\n\n\n\n<p>\u201c(\u2026) imag\u00ednense para la justicia social lo que significa que en la Constituci\u00f3n se haya establecido el derecho de los adultos mayores a la pensi\u00f3n, el derecho a la pensi\u00f3n para ni\u00f1as y ni\u00f1os con discapacidad, el que se haya elevado a rango constitucional el derecho de estudiantes pobres a recibir una beca, el derecho del pueblo a la salud. Que esto se haya logrado al reformar el art\u00edculo 4 constitucional\u201d, resalt\u00f3.<\/p>\n\n\n\n<p>\u201cLo que hicieron los legisladores y que adem\u00e1s se haya escrito en un transitorio a la Constituci\u00f3n, que no deben reducirse los presupuestos destinados a garantizar estos derechos. Eso fue un avance important\u00edsimo\u201d, asegur\u00f3.<\/p>\n\n\n\n<p>L\u00f3pez Obrador tambi\u00e9n destac\u00f3 que se haya logrado reformar el art\u00edculo 28 para prohibir la condonaci\u00f3n de impuestos.<\/p>\n\n\n\n<p>\u201c(\u2026) era un abuso, una gran injusticia que la mayor\u00eda de los mexicanos, los m\u00e1s pobres, estaban obligados a pagar sus impuestos, todos pagaban impuestos (\u2026), pero las grandes corporaciones empresariales, financieras, no pagaban impuestos, se les condonaban los impuestos, miles de millones de pesos\u201d<\/p>\n\n\n\n<p>AMLO tambi\u00e9n destac\u00f3 otras modificaciones trascendentales a la Carta Magna como el castigo a funcionarios corruptos y la eliminaci\u00f3n del fuero presidencial.<\/p>\n\n\n\n<p>\u201cFue muy importante tambi\u00e9n elevar a rango constitucional el castigo a los corruptos, porque se lleg\u00f3 incluso, durante todo el periodo neoliberal, a hablar de transparencia, se crearon institutos para garantizar la transparencia, institutos anticorrupci\u00f3n. Pero la corrupci\u00f3n no estaba tipificada como delito grave, incluso se hab\u00eda llevado a cabo una reforma al C\u00f3digo Penal para que no fuese delito grave. Ahora es distinto, es delito grave la corrupci\u00f3n, sin derecho a fianza\u201d, dijo.<\/p>\n\n\n\n<p>\u201cEs muy importante tambi\u00e9n el que se aprobara que se llevara a cabo una reforma para quitar los fueros, en especial al presidente, que pueda ser juzgado (a\u00fan) en funciones por cualquier delito, como cualquier otro ciudadano\u201d, se\u00f1al\u00f3.<\/p>\n\n\n\n<p>El presidente destac\u00f3 la reforma constitucional para realizar la Revocaci\u00f3n de Mandato que se realizar\u00e1 el pr\u00f3ximo 10 de abril.<\/p>\n\n\n\n<p>\u201c(\u2026) independientemente del resultado, es establecer el \u00e1nimo democr\u00e1tico, no olvidar que el pueblo es el soberano, que se tiene que mandar obedeciendo, que en la democracia el pueblo manda, que as\u00ed como nos ponen nos pueden quitar los ciudadanos\u201d, insisti\u00f3 al destacar todo lo que se ha logrado \u201cen los \u00faltimos tiempos\u201d.<\/p>\n\n\n\n<p>Sin embargo, resalt\u00f3 que a\u00fan faltan otras reformas constitucionales como la el\u00e9ctrica, la electoral y la de la Guardia Nacional.<\/p>\n\n\n\n<p>\u201c\u00bfQu\u00e9 falta? algunas otras reformas constitucionales y se est\u00e1 buscando convencer, persuadir, de la necesidad de que se reforme la constituci\u00f3n para fortalecer la industria el\u00e9ctrica nacional, porque evidentemente hay un desbalance, no hay equilibrios. Se le dio en la reforma energ\u00e9tica anterior, todos los privilegios a las empresas particulares, al grado de que si esto no lo resolvemos desaparece la Comisi\u00f3n Federal de Electricidad (\u2026) ahora estamos buscando sin extremismos, que se resuelva este asunto, que se mantenga la equidad: 46% del mercado el\u00e9ctrico para las empresas privadas, 54 para la CFE\u201d, asever\u00f3.<\/p>\n\n\n\n<p>\u201cNecesitamos poner orden en el caos que signific\u00f3 el entregar concesiones a diestra y siniestra, sin tomar en cuenta el inter\u00e9s general, el inter\u00e9s p\u00fablico, el inter\u00e9s de los mexicanos\u201d, enfatiz\u00f3.<\/p>\n\n\n\n<p>Destac\u00f3 que la otra iniciativa de reforma constitucional es la electoral \u201cpara que de una vez y para siempre se acaben los fraudes electorales, ya que se termine con eso\u201d, insisti\u00f3.<\/p>\n\n\n\n<p>\u201cQue tengamos jueces, autoridades imparciales en lo electoral, que las elecciones sean limpias, sean libres (\u2026) No consejeros, magistrados, empleados del presidente o de los partidos, sino autoridades verdaderamente independientes, de inobjetable honestidad (\u2026) nos podemos poner de acuerdo con eso\u201d, sostuvo.<\/p>\n\n\n\n<p>Por \u00faltimo, subray\u00f3 la importancia de la reforma de la Guardia Nacional \u201cel que se consolide la Guardia Nacional, la opini\u00f3n nuestra es que es una instituci\u00f3n que nos hace falta a todos. Cuando se cre\u00f3, se cont\u00f3 con el apoyo de todos los partidos representados por el Congreso, pero yo tengo la preocupaci\u00f3n de que tenemos que pensar en instituciones que puedan servir, no un sexenio, no una d\u00e9cada, m\u00e1s cuando se trata de garantizar la paz y la seguridad y tengo la precauci\u00f3n que si no dejamos esta instituci\u00f3n consolidada y queda suelta como qued\u00f3 en su tiempo la Polic\u00eda Federal Preventiva (PFP) se puede echar a perder y necesitamos que la Guardia Nacional, es mi propuesta, dependa de la Secretar\u00eda de la Defensa Nacional, de una instituci\u00f3n profesional, con disciplina, de una instituci\u00f3n que surgi\u00f3 durante la revoluci\u00f3n, ha actuado con lealtad al pueblo de M\u00e9xico\u201d, finaliz\u00f3. (Fuente: infobae)<\/p>\n","protected":false},"excerpt":{"rendered":"<p>(Redacci\u00f3n) L\u00f3pez Obrador tambi\u00e9n destac\u00f3 que se haya logrado reformar el art\u00edculo 28 para prohibir la condonaci\u00f3n de impuestos Queretaro, Queretaro, a 05 de febrero de 2022.-El presidente Andr\u00e9s Manuel L\u00f3pez Obrador (AMLO) destac\u00f3 que a 105 a\u00f1os de la promulgaci\u00f3n de la Constituci\u00f3n mexicana, a\u00fan faltan por implementar diversas modificaciones a la Carta Magna [&hellip;]<\/p>\n","protected":false},"author":1,"featured_media":198010,"comment_status":"open","ping_status":"open","sticky":false,"template":"","format":"standard","meta":{"footnotes":""},"categories":[8],"tags":[],"class_list":["post-198009","post","type-post","status-publish","format-standard","has-post-thumbnail","hentry","category-pais","entry","has-media"],"jetpack_featured_media_url":"http:\/\/vertienteglobal.com\/wp-content\/uploads\/2022\/02\/FB_IMG_1644156896506.jpg","_links":{"self":[{"href":"http:\/\/vertienteglobal.com\/index.php?rest_route=\/wp\/v2\/posts\/198009","targetHints":{"allow":["GET"]}}],"collection":[{"href":"http:\/\/vertienteglobal.com\/index.php?rest_route=\/wp\/v2\/posts"}],"about":[{"href":"http:\/\/vertienteglobal.com\/index.php?rest_route=\/wp\/v2\/types\/post"}],"author":[{"embeddable":true,"href":"http:\/\/vertienteglobal.com\/index.php?rest_route=\/wp\/v2\/users\/1"}],"replies":[{"embeddable":true,"href":"http:\/\/vertienteglobal.com\/index.php?rest_route=%2Fwp%2Fv2%2Fcomments&post=198009"}],"version-history":[{"count":0,"href":"http:\/\/vertienteglobal.com\/index.php?rest_route=\/wp\/v2\/posts\/198009\/revisions"}],"wp:featuredmedia":[{"embeddable":true,"href":"http:\/\/vertienteglobal.com\/index.php?rest_route=\/wp\/v2\/media\/198010"}],"wp:attachment":[{"href":"http:\/\/vertienteglobal.com\/index.php?rest_route=%2Fwp%2Fv2%2Fmedia&parent=198009"}],"wp:term":[{"taxonomy":"category","embeddable":true,"href":"http:\/\/vertienteglobal.com\/index.php?rest_route=%2Fwp%2Fv2%2Fcategories&post=198009"},{"taxonomy":"post_tag","embeddable":true,"href":"http:\/\/vertienteglobal.com\/index.php?rest_route=%2Fwp%2Fv2%2Ftags&post=198009"}],"curies":[{"name":"wp","href":"https:\/\/api.w.org\/{rel}","templated":true}]}}