{"id":197972,"date":"2022-02-04T22:40:11","date_gmt":"2022-02-05T04:40:11","guid":{"rendered":"http:\/\/vertienteglobal.com\/?p=197972"},"modified":"2022-02-05T09:41:59","modified_gmt":"2022-02-05T15:41:59","slug":"facebook-cierra-una-semana-negra-por-que-esta-en-crisis","status":"publish","type":"post","link":"http:\/\/vertienteglobal.com\/?p=197972","title":{"rendered":"Facebook cierra una \u201csemana negra\u201d: \u00bfPor qu\u00e9 est\u00e1 en crisis?"},"content":{"rendered":"\n<div class=\"twitterbutton\" style=\"float: right; padding-left: 5px;\"><a href=\"http:\/\/twitter.com\/share\" class=\"twitter-share-button\" data-count=\"horizontal\" data-text=\"Facebook cierra una \u201csemana negra\u201d: \u00bfPor qu\u00e9 est\u00e1 en crisis?\" data-via=\"https:\/\/twitter.com\/VertienteGloba1\" data-url=\"http:\/\/vertienteglobal.com\/?p=197972\" data-lang=\"es\" data-related=\"Informaci\u00f3n general:S\u00edguenos para que est\u00e9ss informado\"><\/a><\/div>\n<figure class=\"wp-block-image size-large\"><img loading=\"lazy\" decoding=\"async\" width=\"660\" height=\"330\" src=\"http:\/\/vertienteglobal.com\/wp-content\/uploads\/2022\/02\/f960x540-318769_392844_15-660x330-1.jpg\" alt=\"\" class=\"wp-image-197973\" srcset=\"http:\/\/vertienteglobal.com\/wp-content\/uploads\/2022\/02\/f960x540-318769_392844_15-660x330-1.jpg 660w, http:\/\/vertienteglobal.com\/wp-content\/uploads\/2022\/02\/f960x540-318769_392844_15-660x330-1-300x150.jpg 300w, http:\/\/vertienteglobal.com\/wp-content\/uploads\/2022\/02\/f960x540-318769_392844_15-660x330-1-150x75.jpg 150w\" sizes=\"auto, (max-width: 660px) 100vw, 660px\" \/><\/figure>\n\n\n\n<p>(Redacci\u00f3n\/Agencias)<\/p>\n\n\n\n<p><em><strong>Facebook ha perdido millones de d\u00f3lares por la ca\u00edda de sus acciones en los \u00faltimos dos d\u00edas.<\/strong><\/em><\/p>\n\n\n\n<p>Ciudad de Mexico a 04 de febrero de 2022.-Las acciones del propietario de Facebook, Meta Platforms, han sufrido su mayor ca\u00edda en la historia tras desplomarse durante dos d\u00edas consecutivos esta semana debido a que, seg\u00fan la agencia de noticias EFE, tiene d\u00e9biles pron\u00f3sticos de futuro y han tenido una disminuci\u00f3n en su crecimiento.<\/p>\n\n\n\n<p>En el cierre de la bolsa de Nueva York de ayer, Meta cay\u00f3 un 26 por ciento debido a las ventas masivas de sus acciones, que se situaban en 239 d\u00f3lares, lo que reduc\u00eda su tama\u00f1o en bolsa a 670 mil millones de d\u00f3lares, seg\u00fan medios especializados. Mientras que hoy, la empresa de Marck Zuckerberg cedi\u00f3 un 0.28 por ciento.<\/p>\n\n\n\n<p>Los t\u00edtulos&nbsp;de la plataforma Meta, cerraron hasta el 28 de enero con un valor de 301.71 d\u00f3lares cada una, pero&nbsp;este viernes llegaron&nbsp;a 237.09 d\u00f3lares, generando una p\u00e9rdida total de 21.4 por ciento semanal, que se refleja en&nbsp;64.62 d\u00f3lares por acci\u00f3n.<\/p>\n\n\n\n<p>Las perdidas de Zuckerberg escalan a m\u00e1s de 31 mil millones de d\u00f3lares, con lo que ahora&nbsp;su fortuna&nbsp;neta&nbsp;es de&nbsp;92 mil millones&nbsp;ante los&nbsp;120 mil 600&nbsp;que ten\u00eda, lo que lo deja fuera de la lista de las&nbsp;diez personas&nbsp;m\u00e1s ricas del mundo, seg\u00fan informaci\u00f3n de Bloomberg.<\/p>\n\n\n\n<p>Esto significar\u00eda&nbsp;la segunda p\u00e9rdida m\u00e1s grande del patrimonio de un multimillonario, s\u00f3lo detr\u00e1s de&nbsp;Elon Musk, quien perdi\u00f3 35 mil millones de d\u00f3lares cuando cayeron las acciones de Tesla Inc.<\/p>\n\n\n\n<p>Wall Street perdi\u00f3 energ\u00eda a \u00faltima hora este viernes, sin embargo,&nbsp;sus principales indicadores cerraron en terreno mixto, con un leve retroceso en el&nbsp;<strong>Dow Jones<\/strong>&nbsp;y una subida notable en el Nasdaq impulsada por el gigante tecnol\u00f3gico&nbsp;<strong>Amazon<\/strong>.<\/p>\n\n\n\n<p>Seg\u00fan datos al t\u00e9rmino de la sesi\u00f3n en la Bolsa de Nueva York, el Dow Jones retrocedi\u00f3 un 0.06 por ciento o 21.42 puntos, hasta 35 mil 89, mientras que el selectivo S&amp;P 500 avanz\u00f3 un 0.52 por ciento o 23.09 unidades, llegando hasta 4 mil 500.53. Por su parte, el \u00edndice compuesto Nasdaq subi\u00f3 un 1.58 por ciento o 219.19 enteros, alcanzando hasta 14 mil 098.01 puntos. Informaci\u00f3n Radio F\u00f3rmula<\/p>\n","protected":false},"excerpt":{"rendered":"<p>(Redacci\u00f3n\/Agencias) Facebook ha perdido millones de d\u00f3lares por la ca\u00edda de sus acciones en los \u00faltimos dos d\u00edas. Ciudad de Mexico a 04 de febrero de 2022.-Las acciones del propietario de Facebook, Meta Platforms, han sufrido su mayor ca\u00edda en la historia tras desplomarse durante dos d\u00edas consecutivos esta semana debido a que, seg\u00fan la [&hellip;]<\/p>\n","protected":false},"author":1,"featured_media":197973,"comment_status":"open","ping_status":"open","sticky":false,"template":"","format":"standard","meta":{"footnotes":""},"categories":[8],"tags":[],"class_list":["post-197972","post","type-post","status-publish","format-standard","has-post-thumbnail","hentry","category-pais","entry","has-media"],"jetpack_featured_media_url":"http:\/\/vertienteglobal.com\/wp-content\/uploads\/2022\/02\/f960x540-318769_392844_15-660x330-1.jpg","_links":{"self":[{"href":"http:\/\/vertienteglobal.com\/index.php?rest_route=\/wp\/v2\/posts\/197972","targetHints":{"allow":["GET"]}}],"collection":[{"href":"http:\/\/vertienteglobal.com\/index.php?rest_route=\/wp\/v2\/posts"}],"about":[{"href":"http:\/\/vertienteglobal.com\/index.php?rest_route=\/wp\/v2\/types\/post"}],"author":[{"embeddable":true,"href":"http:\/\/vertienteglobal.com\/index.php?rest_route=\/wp\/v2\/users\/1"}],"replies":[{"embeddable":true,"href":"http:\/\/vertienteglobal.com\/index.php?rest_route=%2Fwp%2Fv2%2Fcomments&post=197972"}],"version-history":[{"count":0,"href":"http:\/\/vertienteglobal.com\/index.php?rest_route=\/wp\/v2\/posts\/197972\/revisions"}],"wp:featuredmedia":[{"embeddable":true,"href":"http:\/\/vertienteglobal.com\/index.php?rest_route=\/wp\/v2\/media\/197973"}],"wp:attachment":[{"href":"http:\/\/vertienteglobal.com\/index.php?rest_route=%2Fwp%2Fv2%2Fmedia&parent=197972"}],"wp:term":[{"taxonomy":"category","embeddable":true,"href":"http:\/\/vertienteglobal.com\/index.php?rest_route=%2Fwp%2Fv2%2Fcategories&post=197972"},{"taxonomy":"post_tag","embeddable":true,"href":"http:\/\/vertienteglobal.com\/index.php?rest_route=%2Fwp%2Fv2%2Ftags&post=197972"}],"curies":[{"name":"wp","href":"https:\/\/api.w.org\/{rel}","templated":true}]}}