{"id":197857,"date":"2022-02-03T09:50:00","date_gmt":"2022-02-03T15:50:00","guid":{"rendered":"http:\/\/vertienteglobal.com\/?p=197857"},"modified":"2022-02-03T09:58:59","modified_gmt":"2022-02-03T15:58:59","slug":"amlo-asegura-que-no-habra-impunidad-en-crimenes-contra-periodistas","status":"publish","type":"post","link":"http:\/\/vertienteglobal.com\/?p=197857","title":{"rendered":"AMLO asegura que no habr\u00e1 impunidad en cr\u00edmenes contra periodistas"},"content":{"rendered":"\n<div class=\"twitterbutton\" style=\"float: right; padding-left: 5px;\"><a href=\"http:\/\/twitter.com\/share\" class=\"twitter-share-button\" data-count=\"horizontal\" data-text=\"AMLO asegura que no habr\u00e1 impunidad en cr\u00edmenes contra periodistas\" data-via=\"https:\/\/twitter.com\/VertienteGloba1\" data-url=\"http:\/\/vertienteglobal.com\/?p=197857\" data-lang=\"es\" data-related=\"Informaci\u00f3n general:S\u00edguenos para que est\u00e9ss informado\"><\/a><\/div>\n<figure class=\"wp-block-image size-large\"><img loading=\"lazy\" decoding=\"async\" width=\"1012\" height=\"569\" src=\"http:\/\/vertienteglobal.com\/wp-content\/uploads\/2022\/02\/20220203_094048.jpg\" alt=\"\" class=\"wp-image-197858\" srcset=\"http:\/\/vertienteglobal.com\/wp-content\/uploads\/2022\/02\/20220203_094048.jpg 1012w, http:\/\/vertienteglobal.com\/wp-content\/uploads\/2022\/02\/20220203_094048-300x169.jpg 300w, http:\/\/vertienteglobal.com\/wp-content\/uploads\/2022\/02\/20220203_094048-150x84.jpg 150w, http:\/\/vertienteglobal.com\/wp-content\/uploads\/2022\/02\/20220203_094048-768x432.jpg 768w\" sizes=\"auto, (max-width: 1012px) 100vw, 1012px\" \/><\/figure>\n\n\n\n<p>(Redacci\u00f3n)<\/p>\n\n\n\n<p>Enero se convirti\u00f3 en un mes tr\u00e1gico para el gremio period\u00edstico con el asesinato de cuatro reporteros en diversos estados de la Rep\u00fablica; dos de los casos ocurrieron en Tijuana, Baja California<\/p>\n\n\n\n<p>Zapotlan de Hidalgo, 03 de febrero de 2022.-El presidente de M\u00e9xico, Andr\u00e9s Manuel L\u00f3pez Obrador, asegur\u00f3 que no habr\u00e1 impunidad en las agresiones y asesinatos contra periodistas en el pa\u00eds.<\/p>\n\n\n\n<p>Y es que en su conferencia ma\u00f1anera, el.mandatario, afirm\u00f3 a los autores intelectuales y materiales de los cr\u00edmenes contra periodistas que habr\u00e1 castigos por cometer estos delitos.<\/p>\n\n\n\n<p>Dijo: \u201cAqu\u00ed es importante destacar primero que no hay impunidad, que no est\u00e9n pensando autores intelectuales y materiales de esos cr\u00edmenes que van a quedar impunes, que no va haber castigo, es un mensaje aclaratorio, que va a ayudar mucho\u201d.<\/p>\n\n\n\n<p>Enero se convirti\u00f3 en un mes tr\u00e1gico para el gremio period\u00edstico con el asesinato de cuatro reporteros en diversos estados de la Rep\u00fablica; dos de los casos ocurrieron en Tijuana, Baja California.(Fuente: L\u00f3pezD\u00f3riga)<\/p>\n","protected":false},"excerpt":{"rendered":"<p>(Redacci\u00f3n) Enero se convirti\u00f3 en un mes tr\u00e1gico para el gremio period\u00edstico con el asesinato de cuatro reporteros en diversos estados de la Rep\u00fablica; dos de los casos ocurrieron en Tijuana, Baja California Zapotlan de Hidalgo, 03 de febrero de 2022.-El presidente de M\u00e9xico, Andr\u00e9s Manuel L\u00f3pez Obrador, asegur\u00f3 que no habr\u00e1 impunidad en las [&hellip;]<\/p>\n","protected":false},"author":1,"featured_media":197858,"comment_status":"open","ping_status":"open","sticky":false,"template":"","format":"standard","meta":{"footnotes":""},"categories":[8],"tags":[],"class_list":["post-197857","post","type-post","status-publish","format-standard","has-post-thumbnail","hentry","category-pais","entry","has-media"],"jetpack_featured_media_url":"http:\/\/vertienteglobal.com\/wp-content\/uploads\/2022\/02\/20220203_094048.jpg","_links":{"self":[{"href":"http:\/\/vertienteglobal.com\/index.php?rest_route=\/wp\/v2\/posts\/197857","targetHints":{"allow":["GET"]}}],"collection":[{"href":"http:\/\/vertienteglobal.com\/index.php?rest_route=\/wp\/v2\/posts"}],"about":[{"href":"http:\/\/vertienteglobal.com\/index.php?rest_route=\/wp\/v2\/types\/post"}],"author":[{"embeddable":true,"href":"http:\/\/vertienteglobal.com\/index.php?rest_route=\/wp\/v2\/users\/1"}],"replies":[{"embeddable":true,"href":"http:\/\/vertienteglobal.com\/index.php?rest_route=%2Fwp%2Fv2%2Fcomments&post=197857"}],"version-history":[{"count":0,"href":"http:\/\/vertienteglobal.com\/index.php?rest_route=\/wp\/v2\/posts\/197857\/revisions"}],"wp:featuredmedia":[{"embeddable":true,"href":"http:\/\/vertienteglobal.com\/index.php?rest_route=\/wp\/v2\/media\/197858"}],"wp:attachment":[{"href":"http:\/\/vertienteglobal.com\/index.php?rest_route=%2Fwp%2Fv2%2Fmedia&parent=197857"}],"wp:term":[{"taxonomy":"category","embeddable":true,"href":"http:\/\/vertienteglobal.com\/index.php?rest_route=%2Fwp%2Fv2%2Fcategories&post=197857"},{"taxonomy":"post_tag","embeddable":true,"href":"http:\/\/vertienteglobal.com\/index.php?rest_route=%2Fwp%2Fv2%2Ftags&post=197857"}],"curies":[{"name":"wp","href":"https:\/\/api.w.org\/{rel}","templated":true}]}}