{"id":197782,"date":"2022-02-01T19:21:00","date_gmt":"2022-02-02T01:21:00","guid":{"rendered":"http:\/\/vertienteglobal.com\/?p=197782"},"modified":"2022-02-02T17:04:35","modified_gmt":"2022-02-02T23:04:35","slug":"incalculables-los-desechos-sanitarios-de-la-pandemia-oms","status":"publish","type":"post","link":"http:\/\/vertienteglobal.com\/?p=197782","title":{"rendered":"Incalculables, los desechos sanitarios de la pandemia: OMS"},"content":{"rendered":"\n<div class=\"twitterbutton\" style=\"float: right; padding-left: 5px;\"><a href=\"http:\/\/twitter.com\/share\" class=\"twitter-share-button\" data-count=\"horizontal\" data-text=\"Incalculables, los desechos sanitarios de la pandemia: OMS\" data-via=\"https:\/\/twitter.com\/VertienteGloba1\" data-url=\"http:\/\/vertienteglobal.com\/?p=197782\" data-lang=\"es\" data-related=\"Informaci\u00f3n general:S\u00edguenos para que est\u00e9ss informado\"><\/a><\/div>\n<figure class=\"wp-block-image size-large\"><img loading=\"lazy\" decoding=\"async\" width=\"660\" height=\"330\" src=\"http:\/\/vertienteglobal.com\/wp-content\/uploads\/2022\/02\/f960x540-318177_392252_0-660x330-1.jpg\" alt=\"\" class=\"wp-image-197783\" srcset=\"http:\/\/vertienteglobal.com\/wp-content\/uploads\/2022\/02\/f960x540-318177_392252_0-660x330-1.jpg 660w, http:\/\/vertienteglobal.com\/wp-content\/uploads\/2022\/02\/f960x540-318177_392252_0-660x330-1-300x150.jpg 300w, http:\/\/vertienteglobal.com\/wp-content\/uploads\/2022\/02\/f960x540-318177_392252_0-660x330-1-150x75.jpg 150w\" sizes=\"auto, (max-width: 660px) 100vw, 660px\" \/><\/figure>\n\n\n\n<p>(Redacci\u00f3n)<\/p>\n\n\n\n<p>Un 30% de las instalaciones sanitarias del mundo no est\u00e1n equipadas para gestionar los residuos sanitarios que generan: OMS<\/p>\n\n\n\n<p>Ciidad de M\u00e9xico a 01 dw febrero de 2022.-La Organizaci\u00f3n Mundial de la Salud (OMS) emiti\u00f3 hoy un informe para alertar de una de las consecuencias m\u00e1s olvidadas de la pandemia: las miles de toneladas de desechos sanitarios adicionales que ha producido y que teme tengan un impacto muy negativo para la salud y el medio ambiente.<\/p>\n\n\n\n<p>Guantes, mascarillas y batas desechables, viales de vacunas, agujas y tests usados han generado unos residuos que muchos centros sanitarios no tienen la capacidad para gestionar adecuadamente, lo que es un peligro potencial para los trabajadores sanitarios y las comunidades cercanas, advierte la OMS.<\/p>\n\n\n\n<p>La cantidad total de esta basura pand\u00e9mica es dif\u00edcil de calcular. La OMS recuerda que solo los env\u00edos que partieron de Naciones Unidas para los pa\u00edses m\u00e1s necesitados han representado en los dos \u00faltimos a\u00f1os unas 87 mil toneladas de equipos de protecci\u00f3n humanitaria, un volumen que casi en su totalidad se ha transformado en desperdicios.<\/p>\n\n\n\n<p>Esta cifra no incluye el equipamiento utilizado fuera de las iniciativas humanitarias de la ONU, ni los miles de millones de mascarillas y otros elementos protectores usados por personas en todo el planeta, por lo que el volumen real claramente es mucho mayor.<\/p>\n\n\n\n<p>Por otro lado, la enorme cantidad de vacunas administradas tambi\u00e9n produce desechos potencialmente perjudiciales. Cuando el informe fue elaborado se calculaba que las 8 mil millones de dosis utilizadas hasta ese momento hab\u00edan producido 143 millones de toneladas adicionales de residuos, aunque actualmente se rondan ya los 10 mil millones de vacunas inoculadas.<\/p>\n\n\n\n<p>La OMS admite que la necesidad urgente que hubo de hacer llegar el mayor n\u00famero posible de equipamiento de protecci\u00f3n a todo el mundo hizo que se pusiera menos atenci\u00f3n y recursos a la gesti\u00f3n de los desechos que estos equipos generaron.<\/p>\n\n\n\n<p>Un 30 por ciento de las instalaciones sanitarias del mundo siguen sin estar adecuadamente equipadas para gestionar los residuos que generan, incluidos los derivados de la lucha contra la COVID-19, y ese porcentaje aumenta al 60 por ciento en el caso de los pa\u00edses menos desarrollados.<\/p>\n\n\n\n<p>\u201cLa COVID-19 obliga al mundo a reflexionar sobre las carencias y los aspectos m\u00e1s olvidados del sistema de gesti\u00f3n de residuos\u201d, se\u00f1al\u00f3 la directora de Medio Ambiente, Cambio Clim\u00e1tico y Salud de la OMS, Mar\u00eda Neira.<\/p>\n\n\n\n<p>El inadecuado tratamiento de estos residuos puede exponer a los trabajadores sanitarios a infecciones, quemaduras o heridas, mientras que en las comunidades cercanas a los lugares donde a veces son depositados, enterrados o incinerados pueden contaminar el aire, el agua o generar plagas, advierte la OMS.<\/p>\n\n\n\n<p>Recomendaciones de la OMS<br>El informe ofrece varias recomendaciones para afrontar este problema, que van desde una reducci\u00f3n del empaquetado a un mayor uso de material reutilizable, reciclable o biodegradable.<\/p>\n\n\n\n<p>Tambi\u00e9n recomienda mayor inversi\u00f3n en sistemas de tratamiento de residuos que no utilicen la simple quema de estos desechos, como los autoclaves (aparatos que esterilizan material m\u00e9dico), o en redes log\u00edsticas que favorezcan una gesti\u00f3n centralizada y en la medida de lo posible circular de los desechos. (Fuente:Radio F\u00f3rmula)<\/p>\n","protected":false},"excerpt":{"rendered":"<p>(Redacci\u00f3n) Un 30% de las instalaciones sanitarias del mundo no est\u00e1n equipadas para gestionar los residuos sanitarios que generan: OMS Ciidad de M\u00e9xico a 01 dw febrero de 2022.-La Organizaci\u00f3n Mundial de la Salud (OMS) emiti\u00f3 hoy un informe para alertar de una de las consecuencias m\u00e1s olvidadas de la pandemia: las miles de toneladas [&hellip;]<\/p>\n","protected":false},"author":1,"featured_media":197783,"comment_status":"open","ping_status":"open","sticky":false,"template":"","format":"standard","meta":{"footnotes":""},"categories":[8],"tags":[],"class_list":["post-197782","post","type-post","status-publish","format-standard","has-post-thumbnail","hentry","category-pais","entry","has-media"],"jetpack_featured_media_url":"http:\/\/vertienteglobal.com\/wp-content\/uploads\/2022\/02\/f960x540-318177_392252_0-660x330-1.jpg","_links":{"self":[{"href":"http:\/\/vertienteglobal.com\/index.php?rest_route=\/wp\/v2\/posts\/197782","targetHints":{"allow":["GET"]}}],"collection":[{"href":"http:\/\/vertienteglobal.com\/index.php?rest_route=\/wp\/v2\/posts"}],"about":[{"href":"http:\/\/vertienteglobal.com\/index.php?rest_route=\/wp\/v2\/types\/post"}],"author":[{"embeddable":true,"href":"http:\/\/vertienteglobal.com\/index.php?rest_route=\/wp\/v2\/users\/1"}],"replies":[{"embeddable":true,"href":"http:\/\/vertienteglobal.com\/index.php?rest_route=%2Fwp%2Fv2%2Fcomments&post=197782"}],"version-history":[{"count":0,"href":"http:\/\/vertienteglobal.com\/index.php?rest_route=\/wp\/v2\/posts\/197782\/revisions"}],"wp:featuredmedia":[{"embeddable":true,"href":"http:\/\/vertienteglobal.com\/index.php?rest_route=\/wp\/v2\/media\/197783"}],"wp:attachment":[{"href":"http:\/\/vertienteglobal.com\/index.php?rest_route=%2Fwp%2Fv2%2Fmedia&parent=197782"}],"wp:term":[{"taxonomy":"category","embeddable":true,"href":"http:\/\/vertienteglobal.com\/index.php?rest_route=%2Fwp%2Fv2%2Fcategories&post=197782"},{"taxonomy":"post_tag","embeddable":true,"href":"http:\/\/vertienteglobal.com\/index.php?rest_route=%2Fwp%2Fv2%2Ftags&post=197782"}],"curies":[{"name":"wp","href":"https:\/\/api.w.org\/{rel}","templated":true}]}}